{"id":476,"date":"2024-10-04T10:48:03","date_gmt":"2024-10-04T13:48:03","guid":{"rendered":"https:\/\/galileu.org\/blog\/?p=476"},"modified":"2024-10-04T11:00:53","modified_gmt":"2024-10-04T14:00:53","slug":"o-que-os-medicos-nao-te-contam-sobre-atestado-de-obito","status":"publish","type":"post","link":"https:\/\/galileu.org\/blog\/o-que-os-medicos-nao-te-contam-sobre-atestado-de-obito\/","title":{"rendered":"O que os m\u00e9dicos N\u00c3O te contam sobre atestado de \u00f3bito!"},"content":{"rendered":"\t\t<div data-elementor-type=\"wp-post\" data-elementor-id=\"476\" class=\"elementor elementor-476\" data-elementor-post-type=\"post\">\n\t\t\t\t<div class=\"elementor-element elementor-element-253d6f1 e-flex e-con-boxed e-con e-parent\" data-id=\"253d6f1\" data-element_type=\"container\" data-settings=\"{&quot;background_background&quot;:&quot;classic&quot;}\">\n\t\t\t\t\t<div class=\"e-con-inner\">\n\t\t\t\t<div class=\"elementor-element elementor-element-c1ab3f4 elementor-widget elementor-widget-heading\" data-id=\"c1ab3f4\" data-element_type=\"widget\" data-widget_type=\"heading.default\">\n\t\t\t\t<div class=\"elementor-widget-container\">\n\t\t\t<h2 class=\"elementor-heading-title elementor-size-default\">O que os m\u00e9dicos N\u00c3O te contam sobre atestado de \u00f3bito!<\/h2>\t\t<\/div>\n\t\t\t\t<\/div>\n\t\t\t\t<div class=\"elementor-element elementor-element-8fe6e2d elementor-widget__width-initial elementor-widget-tablet__width-initial elementor-widget elementor-widget-text-editor\" data-id=\"8fe6e2d\" data-element_type=\"widget\" data-widget_type=\"text-editor.default\">\n\t\t\t\t<div class=\"elementor-widget-container\">\n\t\t\t\t\t\t\t<p>Voc\u00ea j\u00e1 se perguntou como funciona o processo de emiss\u00e3o de um atestado de \u00f3bito? Embora seja um tema pouco discutido, esse documento \u00e9 fundamental para que uma pessoa falecida possa ser enterrada ou cremada legalmente no Brasil. Neste post, vamos desvendar os detalhes que os m\u00e9dicos muitas vezes n\u00e3o compartilham sobre o atestado de \u00f3bito, explicando sua import\u00e2ncia, quem pode emiti-lo, e em que situa\u00e7\u00f5es ele \u00e9 necess\u00e1rio. Esteja preparado para entender tudo sobre esse momento delicado, mas importante.<\/p>\t\t\t\t\t\t<\/div>\n\t\t\t\t<\/div>\n\t\t\t\t<div class=\"elementor-element elementor-element-0070169 elementor-widget elementor-widget-post-info\" data-id=\"0070169\" data-element_type=\"widget\" data-widget_type=\"post-info.default\">\n\t\t\t\t<div class=\"elementor-widget-container\">\n\t\t\t\t\t<ul class=\"elementor-inline-items elementor-icon-list-items elementor-post-info\">\n\t\t\t\t\t\t\t\t<li class=\"elementor-icon-list-item elementor-repeater-item-d99f7f5 elementor-inline-item\" itemprop=\"author\">\n\t\t\t\t\t\t\t\t\t\t<span class=\"elementor-icon-list-icon\">\n\t\t\t\t\t\t\t\t<svg aria-hidden=\"true\" class=\"e-font-icon-svg e-far-user-circle\" viewBox=\"0 0 496 512\" xmlns=\"http:\/\/www.w3.org\/2000\/svg\"><path d=\"M248 104c-53 0-96 43-96 96s43 96 96 96 96-43 96-96-43-96-96-96zm0 144c-26.5 0-48-21.5-48-48s21.5-48 48-48 48 21.5 48 48-21.5 48-48 48zm0-240C111 8 0 119 0 256s111 248 248 248 248-111 248-248S385 8 248 8zm0 448c-49.7 0-95.1-18.3-130.1-48.4 14.9-23 40.4-38.6 69.6-39.5 20.8 6.4 40.6 9.6 60.5 9.6s39.7-3.1 60.5-9.6c29.2 1 54.7 16.5 69.6 39.5-35 30.1-80.4 48.4-130.1 48.4zm162.7-84.1c-24.4-31.4-62.1-51.9-105.1-51.9-10.2 0-26 9.6-57.6 9.6-31.5 0-47.4-9.6-57.6-9.6-42.9 0-80.6 20.5-105.1 51.9C61.9 339.2 48 299.2 48 256c0-110.3 89.7-200 200-200s200 89.7 200 200c0 43.2-13.9 83.2-37.3 115.9z\"><\/path><\/svg>\t\t\t\t\t\t\t<\/span>\n\t\t\t\t\t\t\t\t\t<span class=\"elementor-icon-list-text elementor-post-info__item elementor-post-info__item--type-author\">\n\t\t\t\t\t\t\t\t\t\tweadmin\t\t\t\t\t<\/span>\n\t\t\t\t\t\t\t\t<\/li>\n\t\t\t\t<li class=\"elementor-icon-list-item elementor-repeater-item-134fa0d elementor-inline-item\" itemprop=\"datePublished\">\n\t\t\t\t\t\t<a href=\"https:\/\/galileu.org\/blog\/2024\/10\/04\/\">\n\t\t\t\t\t\t\t\t\t\t\t<span class=\"elementor-icon-list-icon\">\n\t\t\t\t\t\t\t\t<svg aria-hidden=\"true\" class=\"e-font-icon-svg e-fas-calendar\" viewBox=\"0 0 448 512\" xmlns=\"http:\/\/www.w3.org\/2000\/svg\"><path d=\"M12 192h424c6.6 0 12 5.4 12 12v260c0 26.5-21.5 48-48 48H48c-26.5 0-48-21.5-48-48V204c0-6.6 5.4-12 12-12zm436-44v-36c0-26.5-21.5-48-48-48h-48V12c0-6.6-5.4-12-12-12h-40c-6.6 0-12 5.4-12 12v52H160V12c0-6.6-5.4-12-12-12h-40c-6.6 0-12 5.4-12 12v52H48C21.5 64 0 85.5 0 112v36c0 6.6 5.4 12 12 12h424c6.6 0 12-5.4 12-12z\"><\/path><\/svg>\t\t\t\t\t\t\t<\/span>\n\t\t\t\t\t\t\t\t\t<span class=\"elementor-icon-list-text elementor-post-info__item elementor-post-info__item--type-date\">\n\t\t\t\t\t\t\t\t\t\t<time>4 outubro, 2024<\/time>\t\t\t\t\t<\/span>\n\t\t\t\t\t\t\t\t\t<\/a>\n\t\t\t\t<\/li>\n\t\t\t\t<\/ul>\n\t\t\t\t<\/div>\n\t\t\t\t<\/div>\n\t\t<div class=\"elementor-element elementor-element-647c7dd e-flex e-con-boxed e-con e-child\" data-id=\"647c7dd\" data-element_type=\"container\">\n\t\t\t\t\t<div class=\"e-con-inner\">\n\t\t<div class=\"elementor-element elementor-element-ab9b219 e-con-full e-flex e-con e-child\" data-id=\"ab9b219\" data-element_type=\"container\">\n\t\t\t\t<div class=\"elementor-element elementor-element-6004cd5 elementor-widget elementor-widget-image\" data-id=\"6004cd5\" data-element_type=\"widget\" data-widget_type=\"image.default\">\n\t\t\t\t<div class=\"elementor-widget-container\">\n\t\t\t\t\t\t\t\t\t\t\t\t\t<img fetchpriority=\"high\" decoding=\"async\" width=\"800\" height=\"450\" src=\"https:\/\/galileu.org\/blog\/wp-content\/uploads\/2024\/10\/o-que-os-medicos-nao-te-contam-dobre-atestado-de-obito-1024x576.jpg\" class=\"attachment-large size-large wp-image-477\" alt=\"M\u00e9dico segurando um atestado de \u00f3bito, explicando sua import\u00e2ncia e o processo de emiss\u00e3o.\" srcset=\"https:\/\/galileu.org\/blog\/wp-content\/uploads\/2024\/10\/o-que-os-medicos-nao-te-contam-dobre-atestado-de-obito-1024x576.jpg 1024w, https:\/\/galileu.org\/blog\/wp-content\/uploads\/2024\/10\/o-que-os-medicos-nao-te-contam-dobre-atestado-de-obito-300x169.jpg 300w, https:\/\/galileu.org\/blog\/wp-content\/uploads\/2024\/10\/o-que-os-medicos-nao-te-contam-dobre-atestado-de-obito-768x432.jpg 768w, https:\/\/galileu.org\/blog\/wp-content\/uploads\/2024\/10\/o-que-os-medicos-nao-te-contam-dobre-atestado-de-obito-1536x864.jpg 1536w, https:\/\/galileu.org\/blog\/wp-content\/uploads\/2024\/10\/o-que-os-medicos-nao-te-contam-dobre-atestado-de-obito.jpg 1920w\" sizes=\"(max-width: 800px) 100vw, 800px\" \/>\t\t\t\t\t\t\t\t\t\t\t\t\t<\/div>\n\t\t\t\t<\/div>\n\t\t\t\t<div class=\"elementor-element elementor-element-729b5b7 elementor-widget elementor-widget-heading\" data-id=\"729b5b7\" data-element_type=\"widget\" data-widget_type=\"heading.default\">\n\t\t\t\t<div class=\"elementor-widget-container\">\n\t\t\t<h2 class=\"elementor-heading-title elementor-size-default\">O que \u00e9 o atestado de \u00f3bito e quem pode emiti-lo?<\/h2>\t\t<\/div>\n\t\t\t\t<\/div>\n\t\t\t\t<div class=\"elementor-element elementor-element-9bb9cf1 elementor-widget__width-initial elementor-widget-tablet__width-initial elementor-widget elementor-widget-text-editor\" data-id=\"9bb9cf1\" data-element_type=\"widget\" data-widget_type=\"text-editor.default\">\n\t\t\t\t<div class=\"elementor-widget-container\">\n\t\t\t\t\t\t\t<p>O atestado de \u00f3bito \u00e9 um documento oficial emitido exclusivamente por m\u00e9dicos com CRM ativo. Nem enfermeiros, dentistas, advogados ou outros profissionais podem preencher esse documento. No Brasil, nenhuma pessoa pode ser sepultada sem esse atestado, que detalha as causas e condi\u00e7\u00f5es de sa\u00fade do falecido no momento do \u00f3bito. Em casos de mortes n\u00e3o naturais ou traum\u00e1ticas, como acidentes e agress\u00f5es, o Instituto M\u00e9dico Legal (IML) \u00e9 respons\u00e1vel pela emiss\u00e3o do documento.<\/p>\t\t\t\t\t\t<\/div>\n\t\t\t\t<\/div>\n\t\t\t\t<div class=\"elementor-element elementor-element-8c6f6ec elementor-widget elementor-widget-heading\" data-id=\"8c6f6ec\" data-element_type=\"widget\" data-widget_type=\"heading.default\">\n\t\t\t\t<div class=\"elementor-widget-container\">\n\t\t\t<h2 class=\"elementor-heading-title elementor-size-default\">Quando o Servi\u00e7o de Verifica\u00e7\u00e3o de \u00d3bito (SVO) entra em cena?<\/h2>\t\t<\/div>\n\t\t\t\t<\/div>\n\t\t\t\t<div class=\"elementor-element elementor-element-d8cb9d9 elementor-widget__width-initial elementor-widget-tablet__width-initial elementor-widget elementor-widget-text-editor\" data-id=\"d8cb9d9\" data-element_type=\"widget\" data-widget_type=\"text-editor.default\">\n\t\t\t\t<div class=\"elementor-widget-container\">\n\t\t\t\t\t\t\t<p>Para mortes naturais sem acompanhamento m\u00e9dico imediato, o SVO, um \u00f3rg\u00e3o vinculado \u00e0 Secretaria Estadual de Sa\u00fade, assume o processo de verifica\u00e7\u00e3o. M\u00e9dicos patologistas investigam a causa da morte examinando \u00f3rg\u00e3os e tecidos. Uma vez identificada a causa, o atestado de \u00f3bito \u00e9 emitido e entregue \u00e0 fam\u00edlia para os devidos tr\u00e2mites legais.<\/p>\t\t\t\t\t\t<\/div>\n\t\t\t\t<\/div>\n\t\t\t\t<div class=\"elementor-element elementor-element-c328df2 elementor-widget elementor-widget-heading\" data-id=\"c328df2\" data-element_type=\"widget\" data-widget_type=\"heading.default\">\n\t\t\t\t<div class=\"elementor-widget-container\">\n\t\t\t<h2 class=\"elementor-heading-title elementor-size-default\">A atua\u00e7\u00e3o do IML em mortes violentas<\/h2>\t\t<\/div>\n\t\t\t\t<\/div>\n\t\t\t\t<div class=\"elementor-element elementor-element-906ab91 elementor-widget__width-initial elementor-widget-tablet__width-initial elementor-widget elementor-widget-text-editor\" data-id=\"906ab91\" data-element_type=\"widget\" data-widget_type=\"text-editor.default\">\n\t\t\t\t<div class=\"elementor-widget-container\">\n\t\t\t\t\t\t\t<p>J\u00e1 em situa\u00e7\u00f5es onde a morte ocorre de forma violenta ou n\u00e3o natural, como acidentes de tr\u00e2nsito ou homic\u00eddios, o IML (Instituto M\u00e9dico Legal) \u00e9 o respons\u00e1vel. M\u00e9dicos legistas, especialistas em patologia forense, analisam o corpo para determinar a causa da morte, emitindo em seguida o atestado de \u00f3bito, essencial para o sepultamento ou crema\u00e7\u00e3o.<\/p>\t\t\t\t\t\t<\/div>\n\t\t\t\t<\/div>\n\t\t\t\t<div class=\"elementor-element elementor-element-862787a elementor-widget elementor-widget-heading\" data-id=\"862787a\" data-element_type=\"widget\" data-widget_type=\"heading.default\">\n\t\t\t\t<div class=\"elementor-widget-container\">\n\t\t\t<h2 class=\"elementor-heading-title elementor-size-default\">Como a emiss\u00e3o de atestados de \u00f3bito \u00e9 regulamentada no Brasil?<\/h2>\t\t<\/div>\n\t\t\t\t<\/div>\n\t\t\t\t<div class=\"elementor-element elementor-element-d0bc958 elementor-widget__width-initial elementor-widget-tablet__width-initial elementor-widget elementor-widget-text-editor\" data-id=\"d0bc958\" data-element_type=\"widget\" data-widget_type=\"text-editor.default\">\n\t\t\t\t<div class=\"elementor-widget-container\">\n\t\t\t\t\t\t\t<p>O Conselho Federal de Medicina (CFM) possui diretrizes rigorosas sobre a emiss\u00e3o de atestados de \u00f3bito. Um m\u00e9dico s\u00f3 pode emitir esse documento se ele pr\u00f3prio tiver acompanhado o paciente no momento da morte ou estiver presente no evento do \u00f3bito. Por isso, quando o falecimento ocorre fora de um hospital ou sem a presen\u00e7a de um m\u00e9dico, \u00f3rg\u00e3os como o SVO ou o IML precisam ser acionados.<\/p>\t\t\t\t\t\t<\/div>\n\t\t\t\t<\/div>\n\t\t\t\t<div class=\"elementor-element elementor-element-6209546 elementor-widget elementor-widget-heading\" data-id=\"6209546\" data-element_type=\"widget\" data-widget_type=\"heading.default\">\n\t\t\t\t<div class=\"elementor-widget-container\">\n\t\t\t<h2 class=\"elementor-heading-title elementor-size-default\">Por que entender o processo do atestado de \u00f3bito \u00e9 importante?<\/h2>\t\t<\/div>\n\t\t\t\t<\/div>\n\t\t\t\t<div class=\"elementor-element elementor-element-f61b568 elementor-widget__width-initial elementor-widget-tablet__width-initial elementor-widget elementor-widget-text-editor\" data-id=\"f61b568\" data-element_type=\"widget\" data-widget_type=\"text-editor.default\">\n\t\t\t\t<div class=\"elementor-widget-container\">\n\t\t\t\t\t\t\t<p>Compreender como funciona a emiss\u00e3o de um atestado de \u00f3bito pode evitar dores de cabe\u00e7a em momentos de luto. Saber que esse documento \u00e9 essencial para o sepultamento e que somente m\u00e9dicos podem emiti-lo \u00e9 fundamental para garantir que o processo ocorra de forma adequada e sem contratempos.<\/p>\t\t\t\t\t\t<\/div>\n\t\t\t\t<\/div>\n\t\t\t\t<div class=\"elementor-element elementor-element-5c364ff elementor-widget__width-initial elementor-widget-tablet__width-initial elementor-widget elementor-widget-text-editor\" data-id=\"5c364ff\" data-element_type=\"widget\" data-widget_type=\"text-editor.default\">\n\t\t\t\t<div class=\"elementor-widget-container\">\n\t\t\t\t\t\t\t<p>O atestado de \u00f3bito \u00e9 um documento m\u00e9dico crucial, e saber como ele funciona pode fazer a diferen\u00e7a em momentos dif\u00edceis. Embora seja um tema que poucos discutem abertamente, \u00e9 essencial estar informado. Se este post foi \u00fatil para voc\u00ea, compartilhe com outras pessoas para que tamb\u00e9m entendam esse processo t\u00e3o importante.<\/p>\t\t\t\t\t\t<\/div>\n\t\t\t\t<\/div>\n\t\t\t\t<div class=\"elementor-element elementor-element-81a0b42 elementor-widget elementor-widget-heading\" data-id=\"81a0b42\" data-element_type=\"widget\" data-widget_type=\"heading.default\">\n\t\t\t\t<div class=\"elementor-widget-container\">\n\t\t\t<h2 class=\"elementor-heading-title elementor-size-default\">FAQs<\/h2>\t\t<\/div>\n\t\t\t\t<\/div>\n\t\t\t\t<div class=\"elementor-element elementor-element-057a2ae elementor-widget__width-initial elementor-widget-tablet__width-initial elementor-widget elementor-widget-text-editor\" data-id=\"057a2ae\" data-element_type=\"widget\" data-widget_type=\"text-editor.default\">\n\t\t\t\t<div class=\"elementor-widget-container\">\n\t\t\t\t\t\t\t<p><strong>O que \u00e9 um atestado de \u00f3bito?<\/strong><br \/>O atestado de \u00f3bito \u00e9 um documento m\u00e9dico emitido por um m\u00e9dico que atesta oficialmente a causa da morte de uma pessoa. Ele \u00e9 necess\u00e1rio para o sepultamento ou crema\u00e7\u00e3o.<\/p><p><strong>Quem pode emitir o atestado de \u00f3bito no Brasil?<\/strong><br \/>Somente m\u00e9dicos com CRM ativo podem emitir o atestado de \u00f3bito no Brasil. Em casos de mortes violentas ou n\u00e3o naturais, o documento \u00e9 emitido por m\u00e9dicos legistas do IML.<\/p><p><strong>O que \u00e9 o Servi\u00e7o de Verifica\u00e7\u00e3o de \u00d3bito (SVO)?<\/strong><br \/>O SVO \u00e9 um \u00f3rg\u00e3o da Secretaria Estadual de Sa\u00fade respons\u00e1vel por investigar causas de mortes naturais sem acompanhamento m\u00e9dico imediato, emitindo o atestado de \u00f3bito ap\u00f3s a conclus\u00e3o.<\/p><p><strong>Qual a diferen\u00e7a entre o SVO e o IML?<\/strong><br \/>O SVO lida com mortes naturais, enquanto o IML cuida de mortes n\u00e3o naturais ou violentas, como acidentes e homic\u00eddios. Ambos emitem atestados de \u00f3bito, mas em situa\u00e7\u00f5es distintas.<\/p><p><strong>Posso enterrar algu\u00e9m sem o atestado de \u00f3bito?<\/strong><br \/>N\u00e3o, no Brasil \u00e9 imposs\u00edvel realizar o sepultamento ou crema\u00e7\u00e3o sem o atestado de \u00f3bito, que deve ser emitido por um m\u00e9dico.<\/p><p><strong>Qual a import\u00e2ncia do atestado de \u00f3bito?<\/strong><br \/>O atestado de \u00f3bito formaliza a causa da morte e permite que o corpo seja enterrado ou cremado legalmente. Ele tamb\u00e9m \u00e9 usado em estudos de sa\u00fade p\u00fablica.<\/p>\t\t\t\t\t\t<\/div>\n\t\t\t\t<\/div>\n\t\t\t\t<div class=\"elementor-element elementor-element-0ed720f elementor-widget elementor-widget-video\" data-id=\"0ed720f\" data-element_type=\"widget\" data-settings=\"{&quot;youtube_url&quot;:&quot;https:\\\/\\\/www.youtube.com\\\/watch?v=WgqNTr0wZgk&amp;t=470s&quot;,&quot;video_type&quot;:&quot;youtube&quot;,&quot;controls&quot;:&quot;yes&quot;}\" data-widget_type=\"video.default\">\n\t\t\t\t<div class=\"elementor-widget-container\">\n\t\t\t\t\t<div class=\"elementor-wrapper elementor-open-inline\">\n\t\t\t<div class=\"elementor-video\"><\/div>\t\t<\/div>\n\t\t\t\t<\/div>\n\t\t\t\t<\/div>\n\t\t\t\t<\/div>\n\t\t<div class=\"elementor-element elementor-element-83f1be0 e-flex e-con-boxed e-con e-child\" data-id=\"83f1be0\" data-element_type=\"container\" data-settings=\"{&quot;sticky&quot;:&quot;top&quot;,&quot;sticky_offset&quot;:120,&quot;sticky_on&quot;:[&quot;desktop&quot;,&quot;tablet&quot;],&quot;sticky_offset_mobile&quot;:0,&quot;sticky_effects_offset&quot;:0}\">\n\t\t\t\t\t<div class=\"e-con-inner\">\n\t\t\t\t<div class=\"elementor-element elementor-element-f20112e elementor-widget elementor-widget-heading\" data-id=\"f20112e\" data-element_type=\"widget\" data-widget_type=\"heading.default\">\n\t\t\t\t<div class=\"elementor-widget-container\">\n\t\t\t<h2 class=\"elementor-heading-title elementor-size-default\">Compartilhar<\/h2>\t\t<\/div>\n\t\t\t\t<\/div>\n\t\t\t\t<div class=\"elementor-element elementor-element-da2d995 elementor-share-buttons--view-icon elementor-share-buttons--skin-flat elementor-share-buttons--shape-rounded elementor-share-buttons--align-left elementor-grid-0 elementor-share-buttons--color-official elementor-widget elementor-widget-share-buttons\" data-id=\"da2d995\" data-element_type=\"widget\" data-widget_type=\"share-buttons.default\">\n\t\t\t\t<div class=\"elementor-widget-container\">\n\t\t\t\t\t<div class=\"elementor-grid\">\n\t\t\t\t\t\t\t\t<div class=\"elementor-grid-item\">\n\t\t\t\t\t\t<div\n\t\t\t\t\t\t\tclass=\"elementor-share-btn elementor-share-btn_whatsapp\"\n\t\t\t\t\t\t\trole=\"button\"\n\t\t\t\t\t\t\ttabindex=\"0\"\n\t\t\t\t\t\t\taria-label=\"Share on whatsapp\"\n\t\t\t\t\t\t>\n\t\t\t\t\t\t\t\t\t\t\t\t\t\t\t<span class=\"elementor-share-btn__icon\">\n\t\t\t\t\t\t\t\t<svg class=\"e-font-icon-svg e-fab-whatsapp\" viewBox=\"0 0 448 512\" xmlns=\"http:\/\/www.w3.org\/2000\/svg\"><path d=\"M380.9 97.1C339 55.1 283.2 32 223.9 32c-122.4 0-222 99.6-222 222 0 39.1 10.2 77.3 29.6 111L0 480l117.7-30.9c32.4 17.7 68.9 27 106.1 27h.1c122.3 0 224.1-99.6 224.1-222 0-59.3-25.2-115-67.1-157zm-157 341.6c-33.2 0-65.7-8.9-94-25.7l-6.7-4-69.8 18.3L72 359.2l-4.4-7c-18.5-29.4-28.2-63.3-28.2-98.2 0-101.7 82.8-184.5 184.6-184.5 49.3 0 95.6 19.2 130.4 54.1 34.8 34.9 56.2 81.2 56.1 130.5 0 101.8-84.9 184.6-186.6 184.6zm101.2-138.2c-5.5-2.8-32.8-16.2-37.9-18-5.1-1.9-8.8-2.8-12.5 2.8-3.7 5.6-14.3 18-17.6 21.8-3.2 3.7-6.5 4.2-12 1.4-32.6-16.3-54-29.1-75.5-66-5.7-9.8 5.7-9.1 16.3-30.3 1.8-3.7.9-6.9-.5-9.7-1.4-2.8-12.5-30.1-17.1-41.2-4.5-10.8-9.1-9.3-12.5-9.5-3.2-.2-6.9-.2-10.6-.2-3.7 0-9.7 1.4-14.8 6.9-5.1 5.6-19.4 19-19.4 46.3 0 27.3 19.9 53.7 22.6 57.4 2.8 3.7 39.1 59.7 94.8 83.8 35.2 15.2 49 16.5 66.6 13.9 10.7-1.6 32.8-13.4 37.4-26.4 4.6-13 4.6-24.1 3.2-26.4-1.3-2.5-5-3.9-10.5-6.6z\"><\/path><\/svg>\t\t\t\t\t\t\t<\/span>\n\t\t\t\t\t\t\t\t\t\t\t\t\t\t\t\t\t\t\t\t<\/div>\n\t\t\t\t\t<\/div>\n\t\t\t\t\t\t\t\t\t<div class=\"elementor-grid-item\">\n\t\t\t\t\t\t<div\n\t\t\t\t\t\t\tclass=\"elementor-share-btn elementor-share-btn_linkedin\"\n\t\t\t\t\t\t\trole=\"button\"\n\t\t\t\t\t\t\ttabindex=\"0\"\n\t\t\t\t\t\t\taria-label=\"Share on linkedin\"\n\t\t\t\t\t\t>\n\t\t\t\t\t\t\t\t\t\t\t\t\t\t\t<span class=\"elementor-share-btn__icon\">\n\t\t\t\t\t\t\t\t<svg class=\"e-font-icon-svg e-fab-linkedin\" viewBox=\"0 0 448 512\" xmlns=\"http:\/\/www.w3.org\/2000\/svg\"><path d=\"M416 32H31.9C14.3 32 0 46.5 0 64.3v383.4C0 465.5 14.3 480 31.9 480H416c17.6 0 32-14.5 32-32.3V64.3c0-17.8-14.4-32.3-32-32.3zM135.4 416H69V202.2h66.5V416zm-33.2-243c-21.3 0-38.5-17.3-38.5-38.5S80.9 96 102.2 96c21.2 0 38.5 17.3 38.5 38.5 0 21.3-17.2 38.5-38.5 38.5zm282.1 243h-66.4V312c0-24.8-.5-56.7-34.5-56.7-34.6 0-39.9 27-39.9 54.9V416h-66.4V202.2h63.7v29.2h.9c8.9-16.8 30.6-34.5 62.9-34.5 67.2 0 79.7 44.3 79.7 101.9V416z\"><\/path><\/svg>\t\t\t\t\t\t\t<\/span>\n\t\t\t\t\t\t\t\t\t\t\t\t\t\t\t\t\t\t\t\t<\/div>\n\t\t\t\t\t<\/div>\n\t\t\t\t\t\t\t\t\t<div class=\"elementor-grid-item\">\n\t\t\t\t\t\t<div\n\t\t\t\t\t\t\tclass=\"elementor-share-btn elementor-share-btn_facebook\"\n\t\t\t\t\t\t\trole=\"button\"\n\t\t\t\t\t\t\ttabindex=\"0\"\n\t\t\t\t\t\t\taria-label=\"Share on facebook\"\n\t\t\t\t\t\t>\n\t\t\t\t\t\t\t\t\t\t\t\t\t\t\t<span class=\"elementor-share-btn__icon\">\n\t\t\t\t\t\t\t\t<svg class=\"e-font-icon-svg e-fab-facebook\" viewBox=\"0 0 512 512\" xmlns=\"http:\/\/www.w3.org\/2000\/svg\"><path d=\"M504 256C504 119 393 8 256 8S8 119 8 256c0 123.78 90.69 226.38 209.25 245V327.69h-63V256h63v-54.64c0-62.15 37-96.48 93.67-96.48 27.14 0 55.52 4.84 55.52 4.84v61h-31.28c-30.8 0-40.41 19.12-40.41 38.73V256h68.78l-11 71.69h-57.78V501C413.31 482.38 504 379.78 504 256z\"><\/path><\/svg>\t\t\t\t\t\t\t<\/span>\n\t\t\t\t\t\t\t\t\t\t\t\t\t\t\t\t\t\t\t\t<\/div>\n\t\t\t\t\t<\/div>\n\t\t\t\t\t\t\t\t\t<div class=\"elementor-grid-item\">\n\t\t\t\t\t\t<div\n\t\t\t\t\t\t\tclass=\"elementor-share-btn elementor-share-btn_twitter\"\n\t\t\t\t\t\t\trole=\"button\"\n\t\t\t\t\t\t\ttabindex=\"0\"\n\t\t\t\t\t\t\taria-label=\"Share on twitter\"\n\t\t\t\t\t\t>\n\t\t\t\t\t\t\t\t\t\t\t\t\t\t\t<span class=\"elementor-share-btn__icon\">\n\t\t\t\t\t\t\t\t<svg class=\"e-font-icon-svg e-fab-twitter\" viewBox=\"0 0 512 512\" xmlns=\"http:\/\/www.w3.org\/2000\/svg\"><path d=\"M459.37 151.716c.325 4.548.325 9.097.325 13.645 0 138.72-105.583 298.558-298.558 298.558-59.452 0-114.68-17.219-161.137-47.106 8.447.974 16.568 1.299 25.34 1.299 49.055 0 94.213-16.568 130.274-44.832-46.132-.975-84.792-31.188-98.112-72.772 6.498.974 12.995 1.624 19.818 1.624 9.421 0 18.843-1.3 27.614-3.573-48.081-9.747-84.143-51.98-84.143-102.985v-1.299c13.969 7.797 30.214 12.67 47.431 13.319-28.264-18.843-46.781-51.005-46.781-87.391 0-19.492 5.197-37.36 14.294-52.954 51.655 63.675 129.3 105.258 216.365 109.807-1.624-7.797-2.599-15.918-2.599-24.04 0-57.828 46.782-104.934 104.934-104.934 30.213 0 57.502 12.67 76.67 33.137 23.715-4.548 46.456-13.32 66.599-25.34-7.798 24.366-24.366 44.833-46.132 57.827 21.117-2.273 41.584-8.122 60.426-16.243-14.292 20.791-32.161 39.308-52.628 54.253z\"><\/path><\/svg>\t\t\t\t\t\t\t<\/span>\n\t\t\t\t\t\t\t\t\t\t\t\t\t\t\t\t\t\t\t\t<\/div>\n\t\t\t\t\t<\/div>\n\t\t\t\t\t\t\t\t\t<div class=\"elementor-grid-item\">\n\t\t\t\t\t\t<div\n\t\t\t\t\t\t\tclass=\"elementor-share-btn elementor-share-btn_telegram\"\n\t\t\t\t\t\t\trole=\"button\"\n\t\t\t\t\t\t\ttabindex=\"0\"\n\t\t\t\t\t\t\taria-label=\"Share on telegram\"\n\t\t\t\t\t\t>\n\t\t\t\t\t\t\t\t\t\t\t\t\t\t\t<span class=\"elementor-share-btn__icon\">\n\t\t\t\t\t\t\t\t<svg class=\"e-font-icon-svg e-fab-telegram\" viewBox=\"0 0 496 512\" xmlns=\"http:\/\/www.w3.org\/2000\/svg\"><path d=\"M248 8C111 8 0 119 0 256s111 248 248 248 248-111 248-248S385 8 248 8zm121.8 169.9l-40.7 191.8c-3 13.6-11.1 16.9-22.4 10.5l-62-45.7-29.9 28.8c-3.3 3.3-6.1 6.1-12.5 6.1l4.4-63.1 114.9-103.8c5-4.4-1.1-6.9-7.7-2.5l-142 89.4-61.2-19.1c-13.3-4.2-13.6-13.3 2.8-19.7l239.1-92.2c11.1-4 20.8 2.7 17.2 19.5z\"><\/path><\/svg>\t\t\t\t\t\t\t<\/span>\n\t\t\t\t\t\t\t\t\t\t\t\t\t\t\t\t\t\t\t\t<\/div>\n\t\t\t\t\t<\/div>\n\t\t\t\t\t\t\t\t\t<div class=\"elementor-grid-item\">\n\t\t\t\t\t\t<div\n\t\t\t\t\t\t\tclass=\"elementor-share-btn elementor-share-btn_email\"\n\t\t\t\t\t\t\trole=\"button\"\n\t\t\t\t\t\t\ttabindex=\"0\"\n\t\t\t\t\t\t\taria-label=\"Share on email\"\n\t\t\t\t\t\t>\n\t\t\t\t\t\t\t\t\t\t\t\t\t\t\t<span class=\"elementor-share-btn__icon\">\n\t\t\t\t\t\t\t\t<svg class=\"e-font-icon-svg e-fas-envelope\" viewBox=\"0 0 512 512\" xmlns=\"http:\/\/www.w3.org\/2000\/svg\"><path d=\"M502.3 190.8c3.9-3.1 9.7-.2 9.7 4.7V400c0 26.5-21.5 48-48 48H48c-26.5 0-48-21.5-48-48V195.6c0-5 5.7-7.8 9.7-4.7 22.4 17.4 52.1 39.5 154.1 113.6 21.1 15.4 56.7 47.8 92.2 47.6 35.7.3 72-32.8 92.3-47.6 102-74.1 131.6-96.3 154-113.7zM256 320c23.2.4 56.6-29.2 73.4-41.4 132.7-96.3 142.8-104.7 173.4-128.7 5.8-4.5 9.2-11.5 9.2-18.9v-19c0-26.5-21.5-48-48-48H48C21.5 64 0 85.5 0 112v19c0 7.4 3.4 14.3 9.2 18.9 30.6 23.9 40.7 32.4 173.4 128.7 16.8 12.2 50.2 41.8 73.4 41.4z\"><\/path><\/svg>\t\t\t\t\t\t\t<\/span>\n\t\t\t\t\t\t\t\t\t\t\t\t\t\t\t\t\t\t\t\t<\/div>\n\t\t\t\t\t<\/div>\n\t\t\t\t\t\t<\/div>\n\t\t\t\t<\/div>\n\t\t\t\t<\/div>\n\t\t\t\t\t<\/div>\n\t\t\t\t<\/div>\n\t\t\t\t\t<\/div>\n\t\t\t\t<\/div>\n\t\t\t\t\t<\/div>\n\t\t\t\t<\/div>\n\t\t\t\t<\/div>\n\t\t","protected":false},"excerpt":{"rendered":"<p>O que os m\u00e9dicos N\u00c3O te contam sobre atestado de \u00f3bito! Voc\u00ea j\u00e1 se perguntou como funciona o processo de emiss\u00e3o de um atestado de \u00f3bito? Embora seja um tema pouco discutido, esse documento \u00e9 fundamental para que uma pessoa falecida possa ser enterrada ou cremada legalmente no Brasil. Neste post, vamos desvendar os detalhes [&hellip;]<\/p>\n","protected":false},"author":1,"featured_media":477,"comment_status":"closed","ping_status":"closed","sticky":false,"template":"elementor_header_footer","format":"standard","meta":{"footnotes":""},"categories":[1],"tags":[],"class_list":["post-476","post","type-post","status-publish","format-standard","has-post-thumbnail","hentry","category-blog"],"yoast_head":"<!-- This site is optimized with the Yoast SEO plugin v23.9 - https:\/\/yoast.com\/wordpress\/plugins\/seo\/ -->\n<title>O que os m\u00e9dicos N\u00c3O te contam sobre atestado de \u00f3bito! - Blog Galileu<\/title>\n<meta name=\"description\" content=\"Descubra tudo o que os m\u00e9dicos n\u00e3o te contam sobre o atestado de \u00f3bito! Entenda sua import\u00e2ncia e como ele \u00e9 emitido no Brasil.\" \/>\n<meta name=\"robots\" content=\"index, follow, max-snippet:-1, max-image-preview:large, max-video-preview:-1\" \/>\n<link rel=\"canonical\" href=\"https:\/\/galileu.org\/blog\/o-que-os-medicos-nao-te-contam-sobre-atestado-de-obito\/\" \/>\n<meta property=\"og:locale\" content=\"pt_BR\" \/>\n<meta property=\"og:type\" content=\"article\" \/>\n<meta property=\"og:title\" content=\"O que os m\u00e9dicos N\u00c3O te contam sobre atestado de \u00f3bito! - Blog Galileu\" \/>\n<meta property=\"og:description\" content=\"Descubra tudo o que os m\u00e9dicos n\u00e3o te contam sobre o atestado de \u00f3bito! Entenda sua import\u00e2ncia e como ele \u00e9 emitido no Brasil.\" \/>\n<meta property=\"og:url\" content=\"https:\/\/galileu.org\/blog\/o-que-os-medicos-nao-te-contam-sobre-atestado-de-obito\/\" \/>\n<meta property=\"og:site_name\" content=\"Blog Galileu\" \/>\n<meta property=\"article:published_time\" content=\"2024-10-04T13:48:03+00:00\" \/>\n<meta property=\"article:modified_time\" content=\"2024-10-04T14:00:53+00:00\" \/>\n<meta property=\"og:image\" content=\"https:\/\/galileu.org\/blog\/wp-content\/uploads\/2024\/10\/o-que-os-medicos-nao-te-contam-dobre-atestado-de-obito.jpg\" \/>\n\t<meta property=\"og:image:width\" content=\"1920\" \/>\n\t<meta property=\"og:image:height\" content=\"1080\" \/>\n\t<meta property=\"og:image:type\" content=\"image\/jpeg\" \/>\n<meta name=\"author\" content=\"weadmin\" \/>\n<meta name=\"twitter:card\" content=\"summary_large_image\" \/>\n<meta name=\"twitter:label1\" content=\"Escrito por\" \/>\n\t<meta name=\"twitter:data1\" content=\"weadmin\" \/>\n\t<meta name=\"twitter:label2\" content=\"Est. tempo de leitura\" \/>\n\t<meta name=\"twitter:data2\" content=\"5 minutos\" \/>\n<script type=\"application\/ld+json\" class=\"yoast-schema-graph\">{\"@context\":\"https:\/\/schema.org\",\"@graph\":[{\"@type\":\"Article\",\"@id\":\"https:\/\/galileu.org\/blog\/o-que-os-medicos-nao-te-contam-sobre-atestado-de-obito\/#article\",\"isPartOf\":{\"@id\":\"https:\/\/galileu.org\/blog\/o-que-os-medicos-nao-te-contam-sobre-atestado-de-obito\/\"},\"author\":{\"name\":\"weadmin\",\"@id\":\"https:\/\/galileu.org\/blog\/#\/schema\/person\/c2df339141b6fa6949c05cf1c5a2ec8a\"},\"headline\":\"O que os m\u00e9dicos N\u00c3O te contam sobre atestado de \u00f3bito!\",\"datePublished\":\"2024-10-04T13:48:03+00:00\",\"dateModified\":\"2024-10-04T14:00:53+00:00\",\"mainEntityOfPage\":{\"@id\":\"https:\/\/galileu.org\/blog\/o-que-os-medicos-nao-te-contam-sobre-atestado-de-obito\/\"},\"wordCount\":790,\"publisher\":{\"@id\":\"https:\/\/galileu.org\/blog\/#organization\"},\"image\":{\"@id\":\"https:\/\/galileu.org\/blog\/o-que-os-medicos-nao-te-contam-sobre-atestado-de-obito\/#primaryimage\"},\"thumbnailUrl\":\"https:\/\/galileu.org\/blog\/wp-content\/uploads\/2024\/10\/o-que-os-medicos-nao-te-contam-dobre-atestado-de-obito.jpg\",\"articleSection\":[\"Blog\"],\"inLanguage\":\"pt-BR\"},{\"@type\":\"WebPage\",\"@id\":\"https:\/\/galileu.org\/blog\/o-que-os-medicos-nao-te-contam-sobre-atestado-de-obito\/\",\"url\":\"https:\/\/galileu.org\/blog\/o-que-os-medicos-nao-te-contam-sobre-atestado-de-obito\/\",\"name\":\"O que os m\u00e9dicos N\u00c3O te contam sobre atestado de \u00f3bito! - Blog Galileu\",\"isPartOf\":{\"@id\":\"https:\/\/galileu.org\/blog\/#website\"},\"primaryImageOfPage\":{\"@id\":\"https:\/\/galileu.org\/blog\/o-que-os-medicos-nao-te-contam-sobre-atestado-de-obito\/#primaryimage\"},\"image\":{\"@id\":\"https:\/\/galileu.org\/blog\/o-que-os-medicos-nao-te-contam-sobre-atestado-de-obito\/#primaryimage\"},\"thumbnailUrl\":\"https:\/\/galileu.org\/blog\/wp-content\/uploads\/2024\/10\/o-que-os-medicos-nao-te-contam-dobre-atestado-de-obito.jpg\",\"datePublished\":\"2024-10-04T13:48:03+00:00\",\"dateModified\":\"2024-10-04T14:00:53+00:00\",\"description\":\"Descubra tudo o que os m\u00e9dicos n\u00e3o te contam sobre o atestado de \u00f3bito! Entenda sua import\u00e2ncia e como ele \u00e9 emitido no Brasil.\",\"breadcrumb\":{\"@id\":\"https:\/\/galileu.org\/blog\/o-que-os-medicos-nao-te-contam-sobre-atestado-de-obito\/#breadcrumb\"},\"inLanguage\":\"pt-BR\",\"potentialAction\":[{\"@type\":\"ReadAction\",\"target\":[\"https:\/\/galileu.org\/blog\/o-que-os-medicos-nao-te-contam-sobre-atestado-de-obito\/\"]}]},{\"@type\":\"ImageObject\",\"inLanguage\":\"pt-BR\",\"@id\":\"https:\/\/galileu.org\/blog\/o-que-os-medicos-nao-te-contam-sobre-atestado-de-obito\/#primaryimage\",\"url\":\"https:\/\/galileu.org\/blog\/wp-content\/uploads\/2024\/10\/o-que-os-medicos-nao-te-contam-dobre-atestado-de-obito.jpg\",\"contentUrl\":\"https:\/\/galileu.org\/blog\/wp-content\/uploads\/2024\/10\/o-que-os-medicos-nao-te-contam-dobre-atestado-de-obito.jpg\",\"width\":1920,\"height\":1080,\"caption\":\"M\u00e9dico segurando um atestado de \u00f3bito, explicando sua import\u00e2ncia e o processo de emiss\u00e3o.\"},{\"@type\":\"BreadcrumbList\",\"@id\":\"https:\/\/galileu.org\/blog\/o-que-os-medicos-nao-te-contam-sobre-atestado-de-obito\/#breadcrumb\",\"itemListElement\":[{\"@type\":\"ListItem\",\"position\":1,\"name\":\"In\u00edcio\",\"item\":\"https:\/\/galileu.org\/blog\/\"},{\"@type\":\"ListItem\",\"position\":2,\"name\":\"O que os m\u00e9dicos N\u00c3O te contam sobre atestado de \u00f3bito!\"}]},{\"@type\":\"WebSite\",\"@id\":\"https:\/\/galileu.org\/blog\/#website\",\"url\":\"https:\/\/galileu.org\/blog\/\",\"name\":\"Galileu Health Blog\",\"description\":\"\",\"publisher\":{\"@id\":\"https:\/\/galileu.org\/blog\/#organization\"},\"potentialAction\":[{\"@type\":\"SearchAction\",\"target\":{\"@type\":\"EntryPoint\",\"urlTemplate\":\"https:\/\/galileu.org\/blog\/?s={search_term_string}\"},\"query-input\":{\"@type\":\"PropertyValueSpecification\",\"valueRequired\":true,\"valueName\":\"search_term_string\"}}],\"inLanguage\":\"pt-BR\"},{\"@type\":\"Organization\",\"@id\":\"https:\/\/galileu.org\/blog\/#organization\",\"name\":\"Galileu Health\",\"url\":\"https:\/\/galileu.org\/blog\/\",\"logo\":{\"@type\":\"ImageObject\",\"inLanguage\":\"pt-BR\",\"@id\":\"https:\/\/galileu.org\/blog\/#\/schema\/logo\/image\/\",\"url\":\"https:\/\/galileu.org\/blog\/wp-content\/uploads\/2024\/05\/galileu-health-logo.png\",\"contentUrl\":\"https:\/\/galileu.org\/blog\/wp-content\/uploads\/2024\/05\/galileu-health-logo.png\",\"width\":822,\"height\":297,\"caption\":\"Galileu Health\"},\"image\":{\"@id\":\"https:\/\/galileu.org\/blog\/#\/schema\/logo\/image\/\"}},{\"@type\":\"Person\",\"@id\":\"https:\/\/galileu.org\/blog\/#\/schema\/person\/c2df339141b6fa6949c05cf1c5a2ec8a\",\"name\":\"weadmin\",\"image\":{\"@type\":\"ImageObject\",\"inLanguage\":\"pt-BR\",\"@id\":\"https:\/\/galileu.org\/blog\/#\/schema\/person\/image\/\",\"url\":\"https:\/\/secure.gravatar.com\/avatar\/21bc112be5f28d1f04030a819f92b10c?s=96&d=mm&r=g\",\"contentUrl\":\"https:\/\/secure.gravatar.com\/avatar\/21bc112be5f28d1f04030a819f92b10c?s=96&d=mm&r=g\",\"caption\":\"weadmin\"},\"sameAs\":[\"https:\/\/galileu.org\/blog\"],\"url\":\"https:\/\/galileu.org\/blog\/author\/weadmin\/\"}]}<\/script>\n<!-- \/ Yoast SEO plugin. -->","yoast_head_json":{"title":"O que os m\u00e9dicos N\u00c3O te contam sobre atestado de \u00f3bito! - Blog Galileu","description":"Descubra tudo o que os m\u00e9dicos n\u00e3o te contam sobre o atestado de \u00f3bito! Entenda sua import\u00e2ncia e como ele \u00e9 emitido no Brasil.","robots":{"index":"index","follow":"follow","max-snippet":"max-snippet:-1","max-image-preview":"max-image-preview:large","max-video-preview":"max-video-preview:-1"},"canonical":"https:\/\/galileu.org\/blog\/o-que-os-medicos-nao-te-contam-sobre-atestado-de-obito\/","og_locale":"pt_BR","og_type":"article","og_title":"O que os m\u00e9dicos N\u00c3O te contam sobre atestado de \u00f3bito! - Blog Galileu","og_description":"Descubra tudo o que os m\u00e9dicos n\u00e3o te contam sobre o atestado de \u00f3bito! Entenda sua import\u00e2ncia e como ele \u00e9 emitido no Brasil.","og_url":"https:\/\/galileu.org\/blog\/o-que-os-medicos-nao-te-contam-sobre-atestado-de-obito\/","og_site_name":"Blog Galileu","article_published_time":"2024-10-04T13:48:03+00:00","article_modified_time":"2024-10-04T14:00:53+00:00","og_image":[{"width":1920,"height":1080,"url":"https:\/\/galileu.org\/blog\/wp-content\/uploads\/2024\/10\/o-que-os-medicos-nao-te-contam-dobre-atestado-de-obito.jpg","type":"image\/jpeg"}],"author":"weadmin","twitter_card":"summary_large_image","twitter_misc":{"Escrito por":"weadmin","Est. tempo de leitura":"5 minutos"},"schema":{"@context":"https:\/\/schema.org","@graph":[{"@type":"Article","@id":"https:\/\/galileu.org\/blog\/o-que-os-medicos-nao-te-contam-sobre-atestado-de-obito\/#article","isPartOf":{"@id":"https:\/\/galileu.org\/blog\/o-que-os-medicos-nao-te-contam-sobre-atestado-de-obito\/"},"author":{"name":"weadmin","@id":"https:\/\/galileu.org\/blog\/#\/schema\/person\/c2df339141b6fa6949c05cf1c5a2ec8a"},"headline":"O que os m\u00e9dicos N\u00c3O te contam sobre atestado de \u00f3bito!","datePublished":"2024-10-04T13:48:03+00:00","dateModified":"2024-10-04T14:00:53+00:00","mainEntityOfPage":{"@id":"https:\/\/galileu.org\/blog\/o-que-os-medicos-nao-te-contam-sobre-atestado-de-obito\/"},"wordCount":790,"publisher":{"@id":"https:\/\/galileu.org\/blog\/#organization"},"image":{"@id":"https:\/\/galileu.org\/blog\/o-que-os-medicos-nao-te-contam-sobre-atestado-de-obito\/#primaryimage"},"thumbnailUrl":"https:\/\/galileu.org\/blog\/wp-content\/uploads\/2024\/10\/o-que-os-medicos-nao-te-contam-dobre-atestado-de-obito.jpg","articleSection":["Blog"],"inLanguage":"pt-BR"},{"@type":"WebPage","@id":"https:\/\/galileu.org\/blog\/o-que-os-medicos-nao-te-contam-sobre-atestado-de-obito\/","url":"https:\/\/galileu.org\/blog\/o-que-os-medicos-nao-te-contam-sobre-atestado-de-obito\/","name":"O que os m\u00e9dicos N\u00c3O te contam sobre atestado de \u00f3bito! - Blog Galileu","isPartOf":{"@id":"https:\/\/galileu.org\/blog\/#website"},"primaryImageOfPage":{"@id":"https:\/\/galileu.org\/blog\/o-que-os-medicos-nao-te-contam-sobre-atestado-de-obito\/#primaryimage"},"image":{"@id":"https:\/\/galileu.org\/blog\/o-que-os-medicos-nao-te-contam-sobre-atestado-de-obito\/#primaryimage"},"thumbnailUrl":"https:\/\/galileu.org\/blog\/wp-content\/uploads\/2024\/10\/o-que-os-medicos-nao-te-contam-dobre-atestado-de-obito.jpg","datePublished":"2024-10-04T13:48:03+00:00","dateModified":"2024-10-04T14:00:53+00:00","description":"Descubra tudo o que os m\u00e9dicos n\u00e3o te contam sobre o atestado de \u00f3bito! Entenda sua import\u00e2ncia e como ele \u00e9 emitido no Brasil.","breadcrumb":{"@id":"https:\/\/galileu.org\/blog\/o-que-os-medicos-nao-te-contam-sobre-atestado-de-obito\/#breadcrumb"},"inLanguage":"pt-BR","potentialAction":[{"@type":"ReadAction","target":["https:\/\/galileu.org\/blog\/o-que-os-medicos-nao-te-contam-sobre-atestado-de-obito\/"]}]},{"@type":"ImageObject","inLanguage":"pt-BR","@id":"https:\/\/galileu.org\/blog\/o-que-os-medicos-nao-te-contam-sobre-atestado-de-obito\/#primaryimage","url":"https:\/\/galileu.org\/blog\/wp-content\/uploads\/2024\/10\/o-que-os-medicos-nao-te-contam-dobre-atestado-de-obito.jpg","contentUrl":"https:\/\/galileu.org\/blog\/wp-content\/uploads\/2024\/10\/o-que-os-medicos-nao-te-contam-dobre-atestado-de-obito.jpg","width":1920,"height":1080,"caption":"M\u00e9dico segurando um atestado de \u00f3bito, explicando sua import\u00e2ncia e o processo de emiss\u00e3o."},{"@type":"BreadcrumbList","@id":"https:\/\/galileu.org\/blog\/o-que-os-medicos-nao-te-contam-sobre-atestado-de-obito\/#breadcrumb","itemListElement":[{"@type":"ListItem","position":1,"name":"In\u00edcio","item":"https:\/\/galileu.org\/blog\/"},{"@type":"ListItem","position":2,"name":"O que os m\u00e9dicos N\u00c3O te contam sobre atestado de \u00f3bito!"}]},{"@type":"WebSite","@id":"https:\/\/galileu.org\/blog\/#website","url":"https:\/\/galileu.org\/blog\/","name":"Galileu Health Blog","description":"","publisher":{"@id":"https:\/\/galileu.org\/blog\/#organization"},"potentialAction":[{"@type":"SearchAction","target":{"@type":"EntryPoint","urlTemplate":"https:\/\/galileu.org\/blog\/?s={search_term_string}"},"query-input":{"@type":"PropertyValueSpecification","valueRequired":true,"valueName":"search_term_string"}}],"inLanguage":"pt-BR"},{"@type":"Organization","@id":"https:\/\/galileu.org\/blog\/#organization","name":"Galileu Health","url":"https:\/\/galileu.org\/blog\/","logo":{"@type":"ImageObject","inLanguage":"pt-BR","@id":"https:\/\/galileu.org\/blog\/#\/schema\/logo\/image\/","url":"https:\/\/galileu.org\/blog\/wp-content\/uploads\/2024\/05\/galileu-health-logo.png","contentUrl":"https:\/\/galileu.org\/blog\/wp-content\/uploads\/2024\/05\/galileu-health-logo.png","width":822,"height":297,"caption":"Galileu Health"},"image":{"@id":"https:\/\/galileu.org\/blog\/#\/schema\/logo\/image\/"}},{"@type":"Person","@id":"https:\/\/galileu.org\/blog\/#\/schema\/person\/c2df339141b6fa6949c05cf1c5a2ec8a","name":"weadmin","image":{"@type":"ImageObject","inLanguage":"pt-BR","@id":"https:\/\/galileu.org\/blog\/#\/schema\/person\/image\/","url":"https:\/\/secure.gravatar.com\/avatar\/21bc112be5f28d1f04030a819f92b10c?s=96&d=mm&r=g","contentUrl":"https:\/\/secure.gravatar.com\/avatar\/21bc112be5f28d1f04030a819f92b10c?s=96&d=mm&r=g","caption":"weadmin"},"sameAs":["https:\/\/galileu.org\/blog"],"url":"https:\/\/galileu.org\/blog\/author\/weadmin\/"}]}},"_links":{"self":[{"href":"https:\/\/galileu.org\/blog\/wp-json\/wp\/v2\/posts\/476","targetHints":{"allow":["GET"]}}],"collection":[{"href":"https:\/\/galileu.org\/blog\/wp-json\/wp\/v2\/posts"}],"about":[{"href":"https:\/\/galileu.org\/blog\/wp-json\/wp\/v2\/types\/post"}],"author":[{"embeddable":true,"href":"https:\/\/galileu.org\/blog\/wp-json\/wp\/v2\/users\/1"}],"replies":[{"embeddable":true,"href":"https:\/\/galileu.org\/blog\/wp-json\/wp\/v2\/comments?post=476"}],"version-history":[{"count":16,"href":"https:\/\/galileu.org\/blog\/wp-json\/wp\/v2\/posts\/476\/revisions"}],"predecessor-version":[{"id":498,"href":"https:\/\/galileu.org\/blog\/wp-json\/wp\/v2\/posts\/476\/revisions\/498"}],"wp:featuredmedia":[{"embeddable":true,"href":"https:\/\/galileu.org\/blog\/wp-json\/wp\/v2\/media\/477"}],"wp:attachment":[{"href":"https:\/\/galileu.org\/blog\/wp-json\/wp\/v2\/media?parent=476"}],"wp:term":[{"taxonomy":"category","embeddable":true,"href":"https:\/\/galileu.org\/blog\/wp-json\/wp\/v2\/categories?post=476"},{"taxonomy":"post_tag","embeddable":true,"href":"https:\/\/galileu.org\/blog\/wp-json\/wp\/v2\/tags?post=476"}],"curies":[{"name":"wp","href":"https:\/\/api.w.org\/{rel}","templated":true}]}}