{"id":500,"date":"2024-10-06T15:56:04","date_gmt":"2024-10-06T18:56:04","guid":{"rendered":"https:\/\/galileu.org\/blog\/?p=500"},"modified":"2024-12-21T17:37:23","modified_gmt":"2024-12-21T20:37:23","slug":"rene-le-fort-pioneiro-cirurgia-maxilofacial","status":"publish","type":"post","link":"https:\/\/galileu.org\/blog\/rene-le-fort-pioneiro-cirurgia-maxilofacial\/","title":{"rendered":"A Incr\u00edvel Jornada de Ren\u00e9 Le Fort: O Pioneiro da Cirurgia Maxilofacial"},"content":{"rendered":"\t\t<div data-elementor-type=\"wp-post\" data-elementor-id=\"500\" class=\"elementor elementor-500\" data-elementor-post-type=\"post\">\n\t\t\t\t<div class=\"elementor-element elementor-element-253d6f1 e-flex e-con-boxed e-con e-parent\" data-id=\"253d6f1\" data-element_type=\"container\" data-settings=\"{&quot;background_background&quot;:&quot;classic&quot;}\">\n\t\t\t\t\t<div class=\"e-con-inner\">\n\t\t\t\t<div class=\"elementor-element elementor-element-c1ab3f4 elementor-widget elementor-widget-heading\" data-id=\"c1ab3f4\" data-element_type=\"widget\" data-widget_type=\"heading.default\">\n\t\t\t\t<div class=\"elementor-widget-container\">\n\t\t\t<h2 class=\"elementor-heading-title elementor-size-default\">A Incr\u00edvel Jornada de Ren\u00e9 Le Fort: O Pioneiro da Cirurgia Maxilofacial<\/h2>\t\t<\/div>\n\t\t\t\t<\/div>\n\t\t\t\t<div class=\"elementor-element elementor-element-8fe6e2d elementor-widget__width-initial elementor-widget-tablet__width-initial elementor-widget elementor-widget-text-editor\" data-id=\"8fe6e2d\" data-element_type=\"widget\" data-widget_type=\"text-editor.default\">\n\t\t\t\t<div class=\"elementor-widget-container\">\n\t\t\t\t\t\t\t<p>Ren\u00e9 Le Fort \u00e9 amplamente reconhecido como um dos mais importantes <strong>pioneiros na cirurgia maxilofacial<\/strong>, \u00e1rea crucial na medicina que trata de problemas complexos do cr\u00e2nio e da face. Suas pesquisas vision\u00e1rias sobre fraturas faciais revolucionaram o campo e deram origem \u00e0s classifica\u00e7\u00f5es das fraturas de Le Fort, utilizadas at\u00e9 os dias de hoje. Neste artigo, vamos explorar a vida e o legado desse homem not\u00e1vel, que n\u00e3o s\u00f3 moldou a cirurgia maxilofacial, mas tamb\u00e9m mudou a forma como entendemos o trauma facial.<\/p>\t\t\t\t\t\t<\/div>\n\t\t\t\t<\/div>\n\t\t\t\t<div class=\"elementor-element elementor-element-0070169 elementor-widget elementor-widget-post-info\" data-id=\"0070169\" data-element_type=\"widget\" data-widget_type=\"post-info.default\">\n\t\t\t\t<div class=\"elementor-widget-container\">\n\t\t\t\t\t<ul class=\"elementor-inline-items elementor-icon-list-items elementor-post-info\">\n\t\t\t\t\t\t\t\t<li class=\"elementor-icon-list-item elementor-repeater-item-d99f7f5 elementor-inline-item\" itemprop=\"author\">\n\t\t\t\t\t\t\t\t\t\t<span class=\"elementor-icon-list-icon\">\n\t\t\t\t\t\t\t\t<svg aria-hidden=\"true\" class=\"e-font-icon-svg e-far-user-circle\" viewBox=\"0 0 496 512\" xmlns=\"http:\/\/www.w3.org\/2000\/svg\"><path d=\"M248 104c-53 0-96 43-96 96s43 96 96 96 96-43 96-96-43-96-96-96zm0 144c-26.5 0-48-21.5-48-48s21.5-48 48-48 48 21.5 48 48-21.5 48-48 48zm0-240C111 8 0 119 0 256s111 248 248 248 248-111 248-248S385 8 248 8zm0 448c-49.7 0-95.1-18.3-130.1-48.4 14.9-23 40.4-38.6 69.6-39.5 20.8 6.4 40.6 9.6 60.5 9.6s39.7-3.1 60.5-9.6c29.2 1 54.7 16.5 69.6 39.5-35 30.1-80.4 48.4-130.1 48.4zm162.7-84.1c-24.4-31.4-62.1-51.9-105.1-51.9-10.2 0-26 9.6-57.6 9.6-31.5 0-47.4-9.6-57.6-9.6-42.9 0-80.6 20.5-105.1 51.9C61.9 339.2 48 299.2 48 256c0-110.3 89.7-200 200-200s200 89.7 200 200c0 43.2-13.9 83.2-37.3 115.9z\"><\/path><\/svg>\t\t\t\t\t\t\t<\/span>\n\t\t\t\t\t\t\t\t\t<span class=\"elementor-icon-list-text elementor-post-info__item elementor-post-info__item--type-author\">\n\t\t\t\t\t\t\t\t\t\tweadmin\t\t\t\t\t<\/span>\n\t\t\t\t\t\t\t\t<\/li>\n\t\t\t\t<li class=\"elementor-icon-list-item elementor-repeater-item-134fa0d elementor-inline-item\" itemprop=\"datePublished\">\n\t\t\t\t\t\t<a href=\"https:\/\/galileu.org\/blog\/2024\/10\/06\/\">\n\t\t\t\t\t\t\t\t\t\t\t<span class=\"elementor-icon-list-icon\">\n\t\t\t\t\t\t\t\t<svg aria-hidden=\"true\" class=\"e-font-icon-svg e-fas-calendar\" viewBox=\"0 0 448 512\" xmlns=\"http:\/\/www.w3.org\/2000\/svg\"><path d=\"M12 192h424c6.6 0 12 5.4 12 12v260c0 26.5-21.5 48-48 48H48c-26.5 0-48-21.5-48-48V204c0-6.6 5.4-12 12-12zm436-44v-36c0-26.5-21.5-48-48-48h-48V12c0-6.6-5.4-12-12-12h-40c-6.6 0-12 5.4-12 12v52H160V12c0-6.6-5.4-12-12-12h-40c-6.6 0-12 5.4-12 12v52H48C21.5 64 0 85.5 0 112v36c0 6.6 5.4 12 12 12h424c6.6 0 12-5.4 12-12z\"><\/path><\/svg>\t\t\t\t\t\t\t<\/span>\n\t\t\t\t\t\t\t\t\t<span class=\"elementor-icon-list-text elementor-post-info__item elementor-post-info__item--type-date\">\n\t\t\t\t\t\t\t\t\t\t<time>6 outubro, 2024<\/time>\t\t\t\t\t<\/span>\n\t\t\t\t\t\t\t\t\t<\/a>\n\t\t\t\t<\/li>\n\t\t\t\t<\/ul>\n\t\t\t\t<\/div>\n\t\t\t\t<\/div>\n\t\t<div class=\"elementor-element elementor-element-647c7dd e-flex e-con-boxed e-con e-child\" data-id=\"647c7dd\" data-element_type=\"container\">\n\t\t\t\t\t<div class=\"e-con-inner\">\n\t\t<div class=\"elementor-element elementor-element-ab9b219 e-con-full e-flex e-con e-child\" data-id=\"ab9b219\" data-element_type=\"container\">\n\t\t\t\t<div class=\"elementor-element elementor-element-6004cd5 elementor-widget elementor-widget-image\" data-id=\"6004cd5\" data-element_type=\"widget\" data-widget_type=\"image.default\">\n\t\t\t\t<div class=\"elementor-widget-container\">\n\t\t\t\t\t\t\t\t\t\t\t\t\t<img fetchpriority=\"high\" decoding=\"async\" width=\"800\" height=\"450\" src=\"https:\/\/galileu.org\/blog\/wp-content\/uploads\/2024\/10\/CAPA-1-1024x576.jpg\" class=\"attachment-large size-large wp-image-502\" alt=\"\" srcset=\"https:\/\/galileu.org\/blog\/wp-content\/uploads\/2024\/10\/CAPA-1-1024x576.jpg 1024w, https:\/\/galileu.org\/blog\/wp-content\/uploads\/2024\/10\/CAPA-1-300x169.jpg 300w, https:\/\/galileu.org\/blog\/wp-content\/uploads\/2024\/10\/CAPA-1-768x432.jpg 768w, https:\/\/galileu.org\/blog\/wp-content\/uploads\/2024\/10\/CAPA-1-1536x864.jpg 1536w, https:\/\/galileu.org\/blog\/wp-content\/uploads\/2024\/10\/CAPA-1.jpg 1920w\" sizes=\"(max-width: 800px) 100vw, 800px\" \/>\t\t\t\t\t\t\t\t\t\t\t\t\t<\/div>\n\t\t\t\t<\/div>\n\t\t\t\t<div class=\"elementor-element elementor-element-729b5b7 elementor-widget elementor-widget-heading\" data-id=\"729b5b7\" data-element_type=\"widget\" data-widget_type=\"heading.default\">\n\t\t\t\t<div class=\"elementor-widget-container\">\n\t\t\t<h2 class=\"elementor-heading-title elementor-size-default\">Quem foi Ren\u00e9 Le Fort?<\/h2>\t\t<\/div>\n\t\t\t\t<\/div>\n\t\t\t\t<div class=\"elementor-element elementor-element-9bb9cf1 elementor-widget__width-initial elementor-widget-tablet__width-initial elementor-widget elementor-widget-text-editor\" data-id=\"9bb9cf1\" data-element_type=\"widget\" data-widget_type=\"text-editor.default\">\n\t\t\t\t<div class=\"elementor-widget-container\">\n\t\t\t\t\t\t\t<p>Ren\u00e9 Le Fort nasceu em Lille, Fran\u00e7a, no dia 30 de mar\u00e7o de 1869, e, curiosamente, faleceu na mesma cidade no mesmo dia do ano, em 1951. Desde cedo, sua vida esteve conectada \u00e0 medicina: seu pai era m\u00e9dico e seu tio um respeitado cirurgi\u00e3o. A medicina estava no sangue de Le Fort, e ele seguiu o legado da fam\u00edlia ao se formar em medicina com apenas 21 anos de idade, um feito impressionante para a \u00e9poca. Essa precocidade na carreira m\u00e9dica foi apenas o in\u00edcio de suas contribui\u00e7\u00f5es revolucion\u00e1rias para o campo da cirurgia maxilofacial.<\/p>\t\t\t\t\t\t<\/div>\n\t\t\t\t<\/div>\n\t\t\t\t<div class=\"elementor-element elementor-element-8c6f6ec elementor-widget elementor-widget-heading\" data-id=\"8c6f6ec\" data-element_type=\"widget\" data-widget_type=\"heading.default\">\n\t\t\t\t<div class=\"elementor-widget-container\">\n\t\t\t<h2 class=\"elementor-heading-title elementor-size-default\">Primeiros anos e influ\u00eancias<\/h2>\t\t<\/div>\n\t\t\t\t<\/div>\n\t\t\t\t<div class=\"elementor-element elementor-element-d8cb9d9 elementor-widget__width-initial elementor-widget-tablet__width-initial elementor-widget elementor-widget-text-editor\" data-id=\"d8cb9d9\" data-element_type=\"widget\" data-widget_type=\"text-editor.default\">\n\t\t\t\t<div class=\"elementor-widget-container\">\n\t\t\t\t\t\t\t<p>Aos 21 anos, Le Fort j\u00e1 era doutor em medicina e come\u00e7ou a trabalhar no ex\u00e9rcito franc\u00eas como cirurgi\u00e3o militar. Durante esse per\u00edodo, ele foi influenciado por Hippolyte Morestin, um renomado cirurgi\u00e3o pl\u00e1stico, com quem colaborou em diversas cirurgias reconstrutivas. Morestin era especialista em tratar soldados com ferimentos graves no rosto, e sua parceria com Le Fort resultou em importantes avan\u00e7os no tratamento das fraturas faciais.<\/p>\t\t\t\t\t\t<\/div>\n\t\t\t\t<\/div>\n\t\t\t\t<div class=\"elementor-element elementor-element-c328df2 elementor-widget elementor-widget-heading\" data-id=\"c328df2\" data-element_type=\"widget\" data-widget_type=\"heading.default\">\n\t\t\t\t<div class=\"elementor-widget-container\">\n\t\t\t<h2 class=\"elementor-heading-title elementor-size-default\">As fraturas de Le Fort: Contribui\u00e7\u00f5es revolucion\u00e1rias<\/h2>\t\t<\/div>\n\t\t\t\t<\/div>\n\t\t\t\t<div class=\"elementor-element elementor-element-906ab91 elementor-widget__width-initial elementor-widget-tablet__width-initial elementor-widget elementor-widget-text-editor\" data-id=\"906ab91\" data-element_type=\"widget\" data-widget_type=\"text-editor.default\">\n\t\t\t\t<div class=\"elementor-widget-container\">\n\t\t\t\t\t\t\t<p>A maior contribui\u00e7\u00e3o de Ren\u00e9 Le Fort \u00e0 medicina veio em 1901, quando ele publicou um estudo revolucion\u00e1rio sobre fraturas faciais. Em seus experimentos, Le Fort utilizou cr\u00e2nios humanos para identificar tr\u00eas tipos de fraturas comuns na face. Seus estudos revelaram padr\u00f5es consistentes de fraturas que ocorrem ap\u00f3s traumas severos, como golpes na regi\u00e3o maxilar. Os tr\u00eas tipos de fraturas foram posteriormente nomeados como Fraturas de Le Fort:<\/p><ul><li><p><strong>Le Fort I<\/strong>: Uma fratura horizontal na parte inferior da maxila, que separa a arcada dent\u00e1ria superior do restante do rosto. Essa fratura geralmente ocorre ap\u00f3s um trauma direto na regi\u00e3o do maxilar.<\/p><\/li><li><p><strong>Le Fort II<\/strong>: Uma fratura piramidal que afeta a regi\u00e3o ao redor do nariz e dos olhos, separando a parte central da face da base do cr\u00e2nio. Ela pode ser causada por impactos mais severos no meio do rosto.<\/p><\/li><li><p><strong>Le Fort III<\/strong>: A mais grave das fraturas, tamb\u00e9m conhecida como disjun\u00e7\u00e3o cr\u00e2nio-facial, em que toda a face \u00e9 separada do cr\u00e2nio. Esse tipo de fratura ocorre devido a traumas de alta energia, como acidentes automobil\u00edsticos.<\/p><\/li><\/ul><p>Essas fraturas s\u00e3o agora uma base fundamental para o tratamento cir\u00fargico de traumas faciais. A classifica\u00e7\u00e3o de Le Fort permite que cirurgi\u00f5es identifiquem rapidamente o tipo de fratura e escolham o tratamento adequado, tornando suas descobertas essenciais para o campo da cirurgia maxilofacial.<\/p>\t\t\t\t\t\t<\/div>\n\t\t\t\t<\/div>\n\t\t\t\t<div class=\"elementor-element elementor-element-862787a elementor-widget elementor-widget-heading\" data-id=\"862787a\" data-element_type=\"widget\" data-widget_type=\"heading.default\">\n\t\t\t\t<div class=\"elementor-widget-container\">\n\t\t\t<h2 class=\"elementor-heading-title elementor-size-default\">Desafios durante a primeira guerra mundial<\/h2>\t\t<\/div>\n\t\t\t\t<\/div>\n\t\t\t\t<div class=\"elementor-element elementor-element-d0bc958 elementor-widget__width-initial elementor-widget-tablet__width-initial elementor-widget elementor-widget-text-editor\" data-id=\"d0bc958\" data-element_type=\"widget\" data-widget_type=\"text-editor.default\">\n\t\t\t\t<div class=\"elementor-widget-container\">\n\t\t\t\t\t\t\t<p>Quando eclodiu a Primeira Guerra Mundial, Le Fort foi chamado de volta ao servi\u00e7o militar, onde tratou de in\u00fameros soldados feridos. Ele trabalhou no famoso Hospital des Invalides, em Paris, onde se dedicou \u00e0 reconstru\u00e7\u00e3o de maxilas e \u00e0 reabilita\u00e7\u00e3o de pacientes que sofreram traumas severos no campo de batalha. O ambiente de guerra proporcionou a Le Fort uma abund\u00e2ncia de casos cl\u00ednicos complexos, e foi nesse per\u00edodo que ele aprimorou ainda mais suas t\u00e9cnicas de reconstru\u00e7\u00e3o facial.<\/p><p>Le Fort n\u00e3o s\u00f3 salvou vidas, mas tamb\u00e9m ofereceu uma segunda chance a muitos soldados, permitindo que eles recuperassem suas fun\u00e7\u00f5es faciais e voltassem a ter uma apar\u00eancia normal. Seus m\u00e9todos inovadores na reconstru\u00e7\u00e3o de ossos faciais foram amplamente reconhecidos e aplicados em hospitais militares ao redor do mundo.<\/p>\t\t\t\t\t\t<\/div>\n\t\t\t\t<\/div>\n\t\t\t\t<div class=\"elementor-element elementor-element-6209546 elementor-widget elementor-widget-heading\" data-id=\"6209546\" data-element_type=\"widget\" data-widget_type=\"heading.default\">\n\t\t\t\t<div class=\"elementor-widget-container\">\n\t\t\t<h2 class=\"elementor-heading-title elementor-size-default\">Ren\u00e9 Le Fort e a cirurgia maxilofacial moderna<\/h2>\t\t<\/div>\n\t\t\t\t<\/div>\n\t\t\t\t<div class=\"elementor-element elementor-element-f61b568 elementor-widget__width-initial elementor-widget-tablet__width-initial elementor-widget elementor-widget-text-editor\" data-id=\"f61b568\" data-element_type=\"widget\" data-widget_type=\"text-editor.default\">\n\t\t\t\t<div class=\"elementor-widget-container\">\n\t\t\t\t\t\t\t<p>O trabalho de Ren\u00e9 Le Fort foi crucial para o desenvolvimento da cirurgia maxilofacial moderna. Suas t\u00e9cnicas cir\u00fargicas, baseadas em um conhecimento profundo da anatomia e fisiologia dos ossos faciais, abriram caminho para avan\u00e7os na corre\u00e7\u00e3o de deformidades, tratamento de fraturas e reconstru\u00e7\u00e3o facial. Hoje, os cirurgi\u00f5es continuam a utilizar sua classifica\u00e7\u00e3o de fraturas e suas abordagens cir\u00fargicas.<\/p><p>Le Fort tamb\u00e9m foi pioneiro no ensino da cirurgia maxilofacial, compartilhando seu conhecimento com novos cirurgi\u00f5es e garantindo que suas descobertas fossem disseminadas por toda a Europa. Sua paix\u00e3o pela academia e pela vida universit\u00e1ria o levou a influenciar gera\u00e7\u00f5es de m\u00e9dicos e especialistas, garantindo que seu legado permanecesse vivo muito al\u00e9m de sua morte.<\/p>\t\t\t\t\t\t<\/div>\n\t\t\t\t<\/div>\n\t\t\t\t<div class=\"elementor-element elementor-element-bc53fd9 elementor-widget elementor-widget-heading\" data-id=\"bc53fd9\" data-element_type=\"widget\" data-widget_type=\"heading.default\">\n\t\t\t\t<div class=\"elementor-widget-container\">\n\t\t\t<h2 class=\"elementor-heading-title elementor-size-default\">O Legado de Ren\u00e9 Le Fort<\/h2>\t\t<\/div>\n\t\t\t\t<\/div>\n\t\t\t\t<div class=\"elementor-element elementor-element-842179a elementor-widget__width-initial elementor-widget-tablet__width-initial elementor-widget elementor-widget-text-editor\" data-id=\"842179a\" data-element_type=\"widget\" data-widget_type=\"text-editor.default\">\n\t\t\t\t<div class=\"elementor-widget-container\">\n\t\t\t\t\t\t\t<p>O impacto duradouro de Ren\u00e9 Le Fort na medicina \u00e9 imensur\u00e1vel. Suas pesquisas sobre fraturas faciais s\u00e3o usadas em todo o mundo e continuam a ser uma parte essencial da forma\u00e7\u00e3o de cirurgi\u00f5es maxilofaciais. Al\u00e9m disso, sua dedica\u00e7\u00e3o \u00e0 pr\u00e1tica cl\u00ednica e seu compromisso com a educa\u00e7\u00e3o garantiram que ele fosse lembrado como um dos maiores cirurgi\u00f5es da hist\u00f3ria.<\/p><p>Le Fort faleceu em 1951, mas seu legado permanece presente em cada sala de cirurgia onde as t\u00e9cnicas que ele desenvolveu s\u00e3o utilizadas para salvar vidas e restaurar a apar\u00eancia e a funcionalidade de pacientes com traumas faciais.<\/p>\t\t\t\t\t\t<\/div>\n\t\t\t\t<\/div>\n\t\t\t\t<div class=\"elementor-element elementor-element-daa43e8 elementor-widget__width-initial elementor-widget-tablet__width-initial elementor-widget elementor-widget-text-editor\" data-id=\"daa43e8\" data-element_type=\"widget\" data-widget_type=\"text-editor.default\">\n\t\t\t\t<div class=\"elementor-widget-container\">\n\t\t\t\t\t\t\t<p>Ren\u00e9 Le Fort deixou uma marca indel\u00e9vel no campo da medicina. Sua habilidade de identificar padr\u00f5es de fraturas faciais e suas contribui\u00e7\u00f5es \u00e0 cirurgia maxilofacial salvaram in\u00fameras vidas e mudaram para sempre a forma como os traumas faciais s\u00e3o tratados. Mesmo d\u00e9cadas ap\u00f3s sua morte, seu legado continua a guiar cirurgi\u00f5es no tratamento de fraturas complexas, mostrando que sua influ\u00eancia transcendeu seu tempo.<\/p>\t\t\t\t\t\t<\/div>\n\t\t\t\t<\/div>\n\t\t\t\t<div class=\"elementor-element elementor-element-81a0b42 elementor-widget elementor-widget-heading\" data-id=\"81a0b42\" data-element_type=\"widget\" data-widget_type=\"heading.default\">\n\t\t\t\t<div class=\"elementor-widget-container\">\n\t\t\t<h2 class=\"elementor-heading-title elementor-size-default\">FAQs<\/h2>\t\t<\/div>\n\t\t\t\t<\/div>\n\t\t\t\t<div class=\"elementor-element elementor-element-057a2ae elementor-widget__width-initial elementor-widget-tablet__width-initial elementor-widget elementor-widget-text-editor\" data-id=\"057a2ae\" data-element_type=\"widget\" data-widget_type=\"text-editor.default\">\n\t\t\t\t<div class=\"elementor-widget-container\">\n\t\t\t\t\t\t\t<p><strong>O que s\u00e3o as fraturas de Le Fort?<\/strong><br \/>As fraturas de Le Fort s\u00e3o uma classifica\u00e7\u00e3o de tr\u00eas tipos diferentes de fraturas faciais, identificadas por Ren\u00e9 Le Fort. Elas envolvem a separa\u00e7\u00e3o de partes da maxila e da face, e s\u00e3o divididas em Le Fort I, II e III.<\/p><p><strong>Por que Ren\u00e9 Le Fort \u00e9 considerado um pioneiro?<\/strong><br \/>Ren\u00e9 Le Fort \u00e9 considerado pioneiro por suas pesquisas inovadoras que identificaram padr\u00f5es de fraturas faciais, revolucionando o tratamento de traumas faciais e estabelecendo uma base para a cirurgia maxilofacial moderna.<\/p><p><strong>Qual foi a maior contribui\u00e7\u00e3o de Le Fort \u00e0 medicina?<\/strong><br \/>Sua maior contribui\u00e7\u00e3o foi a identifica\u00e7\u00e3o das tr\u00eas fraturas de Le Fort, que s\u00e3o utilizadas at\u00e9 hoje para tratar fraturas faciais. Ele tamb\u00e9m foi um dos primeiros a aplicar t\u00e9cnicas reconstrutivas em soldados feridos durante a guerra.<\/p><p><strong>Quando Le Fort publicou seus estudos?<\/strong><br \/>Ele publicou sua pesquisa seminal sobre fraturas faciais em 1901, na renomada revista de cirurgia francesa &#8220;Revue de Chirurgie&#8221;.<\/p><p><strong>Le Fort trabalhou durante a guerra?<\/strong><br \/>Sim, Le Fort serviu como cirurgi\u00e3o militar durante a Primeira Guerra Mundial, tratando de soldados com les\u00f5es faciais graves e desenvolvendo t\u00e9cnicas avan\u00e7adas de reconstru\u00e7\u00e3o facial.<\/p><p><strong>Qual \u00e9 o legado de Ren\u00e9 Le Fort?<\/strong><br \/>O legado de Le Fort inclui suas contribui\u00e7\u00f5es \u00e0 cirurgia maxilofacial, que continuam a influenciar a medicina moderna, e sua dedica\u00e7\u00e3o \u00e0 educa\u00e7\u00e3o de novos cirurgi\u00f5es, garantindo que suas descobertas fossem transmitidas \u00e0s gera\u00e7\u00f5es futuras.<\/p>\t\t\t\t\t\t<\/div>\n\t\t\t\t<\/div>\n\t\t\t\t<div class=\"elementor-element elementor-element-0ed720f elementor-widget elementor-widget-video\" data-id=\"0ed720f\" data-element_type=\"widget\" data-settings=\"{&quot;youtube_url&quot;:&quot;https:\\\/\\\/www.youtube.com\\\/watch?v=QqgO6V4kxak&amp;t=247s&quot;,&quot;video_type&quot;:&quot;youtube&quot;,&quot;controls&quot;:&quot;yes&quot;}\" data-widget_type=\"video.default\">\n\t\t\t\t<div class=\"elementor-widget-container\">\n\t\t\t\t\t<div class=\"elementor-wrapper elementor-open-inline\">\n\t\t\t<div class=\"elementor-video\"><\/div>\t\t<\/div>\n\t\t\t\t<\/div>\n\t\t\t\t<\/div>\n\t\t\t\t<\/div>\n\t\t<div class=\"elementor-element elementor-element-83f1be0 e-flex e-con-boxed e-con e-child\" data-id=\"83f1be0\" data-element_type=\"container\" data-settings=\"{&quot;sticky&quot;:&quot;top&quot;,&quot;sticky_offset&quot;:120,&quot;sticky_on&quot;:[&quot;desktop&quot;,&quot;tablet&quot;],&quot;sticky_offset_mobile&quot;:0,&quot;sticky_effects_offset&quot;:0}\">\n\t\t\t\t\t<div class=\"e-con-inner\">\n\t\t\t\t<div data-premium-element-link=\"{&quot;type&quot;:&quot;url&quot;,&quot;link&quot;:{&quot;url&quot;:&quot;https:\\\/\\\/galileu.org\\\/planos\\\/&quot;,&quot;is_external&quot;:&quot;on&quot;,&quot;nofollow&quot;:&quot;&quot;,&quot;custom_attributes&quot;:&quot;&quot;},&quot;href&quot;:&quot;https:\\\/\\\/galileu.org\\\/planos\\\/&quot;}\" style=\"cursor: pointer\" class=\"elementor-element elementor-element-ea39e2c premium-wrapper-link-yes elementor-widget elementor-widget-video\" data-id=\"ea39e2c\" data-element_type=\"widget\" data-settings=\"{&quot;video_type&quot;:&quot;hosted&quot;,&quot;autoplay&quot;:&quot;yes&quot;,&quot;play_on_mobile&quot;:&quot;yes&quot;,&quot;mute&quot;:&quot;yes&quot;,&quot;loop&quot;:&quot;yes&quot;}\" data-widget_type=\"video.default\">\n\t\t\t\t<div class=\"elementor-widget-container\">\n\t\t\t\t\t<div class=\"e-hosted-video elementor-wrapper elementor-open-inline\">\n\t\t\t\t\t<video class=\"elementor-video\" src=\"https:\/\/galileu.org\/blog\/wp-content\/uploads\/2024\/11\/video-blog-1.mp4\" autoplay=\"\" loop=\"\" muted=\"muted\" playsinline=\"\" controlsList=\"nodownload\"><\/video>\n\t\t\t\t<\/div>\n\t\t\t\t<\/div>\n\t\t\t\t<\/div>\n\t\t\t\t<div class=\"elementor-element elementor-element-f20112e elementor-widget elementor-widget-heading\" data-id=\"f20112e\" data-element_type=\"widget\" data-widget_type=\"heading.default\">\n\t\t\t\t<div class=\"elementor-widget-container\">\n\t\t\t<h2 class=\"elementor-heading-title elementor-size-default\">Compartilhar<\/h2>\t\t<\/div>\n\t\t\t\t<\/div>\n\t\t\t\t<div class=\"elementor-element elementor-element-da2d995 elementor-share-buttons--view-icon elementor-share-buttons--skin-flat elementor-share-buttons--shape-rounded elementor-share-buttons--align-left elementor-grid-0 elementor-share-buttons--color-official elementor-widget elementor-widget-share-buttons\" data-id=\"da2d995\" data-element_type=\"widget\" data-widget_type=\"share-buttons.default\">\n\t\t\t\t<div class=\"elementor-widget-container\">\n\t\t\t\t\t<div class=\"elementor-grid\">\n\t\t\t\t\t\t\t\t<div class=\"elementor-grid-item\">\n\t\t\t\t\t\t<div\n\t\t\t\t\t\t\tclass=\"elementor-share-btn elementor-share-btn_whatsapp\"\n\t\t\t\t\t\t\trole=\"button\"\n\t\t\t\t\t\t\ttabindex=\"0\"\n\t\t\t\t\t\t\taria-label=\"Share on whatsapp\"\n\t\t\t\t\t\t>\n\t\t\t\t\t\t\t\t\t\t\t\t\t\t\t<span class=\"elementor-share-btn__icon\">\n\t\t\t\t\t\t\t\t<svg class=\"e-font-icon-svg e-fab-whatsapp\" viewBox=\"0 0 448 512\" xmlns=\"http:\/\/www.w3.org\/2000\/svg\"><path d=\"M380.9 97.1C339 55.1 283.2 32 223.9 32c-122.4 0-222 99.6-222 222 0 39.1 10.2 77.3 29.6 111L0 480l117.7-30.9c32.4 17.7 68.9 27 106.1 27h.1c122.3 0 224.1-99.6 224.1-222 0-59.3-25.2-115-67.1-157zm-157 341.6c-33.2 0-65.7-8.9-94-25.7l-6.7-4-69.8 18.3L72 359.2l-4.4-7c-18.5-29.4-28.2-63.3-28.2-98.2 0-101.7 82.8-184.5 184.6-184.5 49.3 0 95.6 19.2 130.4 54.1 34.8 34.9 56.2 81.2 56.1 130.5 0 101.8-84.9 184.6-186.6 184.6zm101.2-138.2c-5.5-2.8-32.8-16.2-37.9-18-5.1-1.9-8.8-2.8-12.5 2.8-3.7 5.6-14.3 18-17.6 21.8-3.2 3.7-6.5 4.2-12 1.4-32.6-16.3-54-29.1-75.5-66-5.7-9.8 5.7-9.1 16.3-30.3 1.8-3.7.9-6.9-.5-9.7-1.4-2.8-12.5-30.1-17.1-41.2-4.5-10.8-9.1-9.3-12.5-9.5-3.2-.2-6.9-.2-10.6-.2-3.7 0-9.7 1.4-14.8 6.9-5.1 5.6-19.4 19-19.4 46.3 0 27.3 19.9 53.7 22.6 57.4 2.8 3.7 39.1 59.7 94.8 83.8 35.2 15.2 49 16.5 66.6 13.9 10.7-1.6 32.8-13.4 37.4-26.4 4.6-13 4.6-24.1 3.2-26.4-1.3-2.5-5-3.9-10.5-6.6z\"><\/path><\/svg>\t\t\t\t\t\t\t<\/span>\n\t\t\t\t\t\t\t\t\t\t\t\t\t\t\t\t\t\t\t\t<\/div>\n\t\t\t\t\t<\/div>\n\t\t\t\t\t\t\t\t\t<div class=\"elementor-grid-item\">\n\t\t\t\t\t\t<div\n\t\t\t\t\t\t\tclass=\"elementor-share-btn elementor-share-btn_linkedin\"\n\t\t\t\t\t\t\trole=\"button\"\n\t\t\t\t\t\t\ttabindex=\"0\"\n\t\t\t\t\t\t\taria-label=\"Share on linkedin\"\n\t\t\t\t\t\t>\n\t\t\t\t\t\t\t\t\t\t\t\t\t\t\t<span class=\"elementor-share-btn__icon\">\n\t\t\t\t\t\t\t\t<svg class=\"e-font-icon-svg e-fab-linkedin\" viewBox=\"0 0 448 512\" xmlns=\"http:\/\/www.w3.org\/2000\/svg\"><path d=\"M416 32H31.9C14.3 32 0 46.5 0 64.3v383.4C0 465.5 14.3 480 31.9 480H416c17.6 0 32-14.5 32-32.3V64.3c0-17.8-14.4-32.3-32-32.3zM135.4 416H69V202.2h66.5V416zm-33.2-243c-21.3 0-38.5-17.3-38.5-38.5S80.9 96 102.2 96c21.2 0 38.5 17.3 38.5 38.5 0 21.3-17.2 38.5-38.5 38.5zm282.1 243h-66.4V312c0-24.8-.5-56.7-34.5-56.7-34.6 0-39.9 27-39.9 54.9V416h-66.4V202.2h63.7v29.2h.9c8.9-16.8 30.6-34.5 62.9-34.5 67.2 0 79.7 44.3 79.7 101.9V416z\"><\/path><\/svg>\t\t\t\t\t\t\t<\/span>\n\t\t\t\t\t\t\t\t\t\t\t\t\t\t\t\t\t\t\t\t<\/div>\n\t\t\t\t\t<\/div>\n\t\t\t\t\t\t\t\t\t<div class=\"elementor-grid-item\">\n\t\t\t\t\t\t<div\n\t\t\t\t\t\t\tclass=\"elementor-share-btn elementor-share-btn_facebook\"\n\t\t\t\t\t\t\trole=\"button\"\n\t\t\t\t\t\t\ttabindex=\"0\"\n\t\t\t\t\t\t\taria-label=\"Share on facebook\"\n\t\t\t\t\t\t>\n\t\t\t\t\t\t\t\t\t\t\t\t\t\t\t<span class=\"elementor-share-btn__icon\">\n\t\t\t\t\t\t\t\t<svg class=\"e-font-icon-svg e-fab-facebook\" viewBox=\"0 0 512 512\" xmlns=\"http:\/\/www.w3.org\/2000\/svg\"><path d=\"M504 256C504 119 393 8 256 8S8 119 8 256c0 123.78 90.69 226.38 209.25 245V327.69h-63V256h63v-54.64c0-62.15 37-96.48 93.67-96.48 27.14 0 55.52 4.84 55.52 4.84v61h-31.28c-30.8 0-40.41 19.12-40.41 38.73V256h68.78l-11 71.69h-57.78V501C413.31 482.38 504 379.78 504 256z\"><\/path><\/svg>\t\t\t\t\t\t\t<\/span>\n\t\t\t\t\t\t\t\t\t\t\t\t\t\t\t\t\t\t\t\t<\/div>\n\t\t\t\t\t<\/div>\n\t\t\t\t\t\t\t\t\t<div class=\"elementor-grid-item\">\n\t\t\t\t\t\t<div\n\t\t\t\t\t\t\tclass=\"elementor-share-btn elementor-share-btn_twitter\"\n\t\t\t\t\t\t\trole=\"button\"\n\t\t\t\t\t\t\ttabindex=\"0\"\n\t\t\t\t\t\t\taria-label=\"Share on twitter\"\n\t\t\t\t\t\t>\n\t\t\t\t\t\t\t\t\t\t\t\t\t\t\t<span class=\"elementor-share-btn__icon\">\n\t\t\t\t\t\t\t\t<svg class=\"e-font-icon-svg e-fab-twitter\" viewBox=\"0 0 512 512\" xmlns=\"http:\/\/www.w3.org\/2000\/svg\"><path d=\"M459.37 151.716c.325 4.548.325 9.097.325 13.645 0 138.72-105.583 298.558-298.558 298.558-59.452 0-114.68-17.219-161.137-47.106 8.447.974 16.568 1.299 25.34 1.299 49.055 0 94.213-16.568 130.274-44.832-46.132-.975-84.792-31.188-98.112-72.772 6.498.974 12.995 1.624 19.818 1.624 9.421 0 18.843-1.3 27.614-3.573-48.081-9.747-84.143-51.98-84.143-102.985v-1.299c13.969 7.797 30.214 12.67 47.431 13.319-28.264-18.843-46.781-51.005-46.781-87.391 0-19.492 5.197-37.36 14.294-52.954 51.655 63.675 129.3 105.258 216.365 109.807-1.624-7.797-2.599-15.918-2.599-24.04 0-57.828 46.782-104.934 104.934-104.934 30.213 0 57.502 12.67 76.67 33.137 23.715-4.548 46.456-13.32 66.599-25.34-7.798 24.366-24.366 44.833-46.132 57.827 21.117-2.273 41.584-8.122 60.426-16.243-14.292 20.791-32.161 39.308-52.628 54.253z\"><\/path><\/svg>\t\t\t\t\t\t\t<\/span>\n\t\t\t\t\t\t\t\t\t\t\t\t\t\t\t\t\t\t\t\t<\/div>\n\t\t\t\t\t<\/div>\n\t\t\t\t\t\t\t\t\t<div class=\"elementor-grid-item\">\n\t\t\t\t\t\t<div\n\t\t\t\t\t\t\tclass=\"elementor-share-btn elementor-share-btn_telegram\"\n\t\t\t\t\t\t\trole=\"button\"\n\t\t\t\t\t\t\ttabindex=\"0\"\n\t\t\t\t\t\t\taria-label=\"Share on telegram\"\n\t\t\t\t\t\t>\n\t\t\t\t\t\t\t\t\t\t\t\t\t\t\t<span class=\"elementor-share-btn__icon\">\n\t\t\t\t\t\t\t\t<svg class=\"e-font-icon-svg e-fab-telegram\" viewBox=\"0 0 496 512\" xmlns=\"http:\/\/www.w3.org\/2000\/svg\"><path d=\"M248 8C111 8 0 119 0 256s111 248 248 248 248-111 248-248S385 8 248 8zm121.8 169.9l-40.7 191.8c-3 13.6-11.1 16.9-22.4 10.5l-62-45.7-29.9 28.8c-3.3 3.3-6.1 6.1-12.5 6.1l4.4-63.1 114.9-103.8c5-4.4-1.1-6.9-7.7-2.5l-142 89.4-61.2-19.1c-13.3-4.2-13.6-13.3 2.8-19.7l239.1-92.2c11.1-4 20.8 2.7 17.2 19.5z\"><\/path><\/svg>\t\t\t\t\t\t\t<\/span>\n\t\t\t\t\t\t\t\t\t\t\t\t\t\t\t\t\t\t\t\t<\/div>\n\t\t\t\t\t<\/div>\n\t\t\t\t\t\t\t\t\t<div class=\"elementor-grid-item\">\n\t\t\t\t\t\t<div\n\t\t\t\t\t\t\tclass=\"elementor-share-btn elementor-share-btn_email\"\n\t\t\t\t\t\t\trole=\"button\"\n\t\t\t\t\t\t\ttabindex=\"0\"\n\t\t\t\t\t\t\taria-label=\"Share on email\"\n\t\t\t\t\t\t>\n\t\t\t\t\t\t\t\t\t\t\t\t\t\t\t<span class=\"elementor-share-btn__icon\">\n\t\t\t\t\t\t\t\t<svg class=\"e-font-icon-svg e-fas-envelope\" viewBox=\"0 0 512 512\" xmlns=\"http:\/\/www.w3.org\/2000\/svg\"><path d=\"M502.3 190.8c3.9-3.1 9.7-.2 9.7 4.7V400c0 26.5-21.5 48-48 48H48c-26.5 0-48-21.5-48-48V195.6c0-5 5.7-7.8 9.7-4.7 22.4 17.4 52.1 39.5 154.1 113.6 21.1 15.4 56.7 47.8 92.2 47.6 35.7.3 72-32.8 92.3-47.6 102-74.1 131.6-96.3 154-113.7zM256 320c23.2.4 56.6-29.2 73.4-41.4 132.7-96.3 142.8-104.7 173.4-128.7 5.8-4.5 9.2-11.5 9.2-18.9v-19c0-26.5-21.5-48-48-48H48C21.5 64 0 85.5 0 112v19c0 7.4 3.4 14.3 9.2 18.9 30.6 23.9 40.7 32.4 173.4 128.7 16.8 12.2 50.2 41.8 73.4 41.4z\"><\/path><\/svg>\t\t\t\t\t\t\t<\/span>\n\t\t\t\t\t\t\t\t\t\t\t\t\t\t\t\t\t\t\t\t<\/div>\n\t\t\t\t\t<\/div>\n\t\t\t\t\t\t<\/div>\n\t\t\t\t<\/div>\n\t\t\t\t<\/div>\n\t\t\t\t\t<\/div>\n\t\t\t\t<\/div>\n\t\t\t\t\t<\/div>\n\t\t\t\t<\/div>\n\t\t\t\t\t<\/div>\n\t\t\t\t<\/div>\n\t\t\t\t<\/div>\n\t\t","protected":false},"excerpt":{"rendered":"<p>A Incr\u00edvel Jornada de Ren\u00e9 Le Fort: O Pioneiro da Cirurgia Maxilofacial Ren\u00e9 Le Fort \u00e9 amplamente reconhecido como um dos mais importantes pioneiros na cirurgia maxilofacial, \u00e1rea crucial na medicina que trata de problemas complexos do cr\u00e2nio e da face. Suas pesquisas vision\u00e1rias sobre fraturas faciais revolucionaram o campo e deram origem \u00e0s classifica\u00e7\u00f5es [&hellip;]<\/p>\n","protected":false},"author":1,"featured_media":502,"comment_status":"closed","ping_status":"closed","sticky":false,"template":"elementor_header_footer","format":"standard","meta":{"footnotes":""},"categories":[1],"tags":[],"class_list":["post-500","post","type-post","status-publish","format-standard","has-post-thumbnail","hentry","category-blog"],"yoast_head":"<!-- This site is optimized with the Yoast SEO plugin v23.9 - https:\/\/yoast.com\/wordpress\/plugins\/seo\/ -->\n<title>A Incr\u00edvel Jornada de Ren\u00e9 Le Fort: O Pioneiro da Cirurgia Maxilofacial - Blog Galileu<\/title>\n<meta name=\"description\" content=\"Conhe\u00e7a a trajet\u00f3ria de Ren\u00e9 Le Fort, pioneiro da cirurgia maxilofacial, e suas contribui\u00e7\u00f5es ao estudo das fraturas faciais.\" \/>\n<meta name=\"robots\" content=\"index, follow, max-snippet:-1, max-image-preview:large, max-video-preview:-1\" \/>\n<link rel=\"canonical\" href=\"https:\/\/galileu.org\/blog\/rene-le-fort-pioneiro-cirurgia-maxilofacial\/\" \/>\n<meta property=\"og:locale\" content=\"pt_BR\" \/>\n<meta property=\"og:type\" content=\"article\" \/>\n<meta property=\"og:title\" content=\"A Incr\u00edvel Jornada de Ren\u00e9 Le Fort: O Pioneiro da Cirurgia Maxilofacial - Blog Galileu\" \/>\n<meta property=\"og:description\" content=\"Conhe\u00e7a a trajet\u00f3ria de Ren\u00e9 Le Fort, pioneiro da cirurgia maxilofacial, e suas contribui\u00e7\u00f5es ao estudo das fraturas faciais.\" \/>\n<meta property=\"og:url\" content=\"https:\/\/galileu.org\/blog\/rene-le-fort-pioneiro-cirurgia-maxilofacial\/\" \/>\n<meta property=\"og:site_name\" content=\"Blog Galileu\" \/>\n<meta property=\"article:published_time\" content=\"2024-10-06T18:56:04+00:00\" \/>\n<meta property=\"article:modified_time\" content=\"2024-12-21T20:37:23+00:00\" \/>\n<meta property=\"og:image\" content=\"https:\/\/galileu.org\/blog\/wp-content\/uploads\/2024\/10\/CAPA-1.jpg\" \/>\n\t<meta property=\"og:image:width\" content=\"1920\" \/>\n\t<meta property=\"og:image:height\" content=\"1080\" \/>\n\t<meta property=\"og:image:type\" content=\"image\/jpeg\" \/>\n<meta name=\"author\" content=\"weadmin\" \/>\n<meta name=\"twitter:card\" content=\"summary_large_image\" \/>\n<meta name=\"twitter:label1\" content=\"Escrito por\" \/>\n\t<meta name=\"twitter:data1\" content=\"weadmin\" \/>\n\t<meta name=\"twitter:label2\" content=\"Est. tempo de leitura\" \/>\n\t<meta name=\"twitter:data2\" content=\"7 minutos\" \/>\n<script type=\"application\/ld+json\" class=\"yoast-schema-graph\">{\"@context\":\"https:\/\/schema.org\",\"@graph\":[{\"@type\":\"Article\",\"@id\":\"https:\/\/galileu.org\/blog\/rene-le-fort-pioneiro-cirurgia-maxilofacial\/#article\",\"isPartOf\":{\"@id\":\"https:\/\/galileu.org\/blog\/rene-le-fort-pioneiro-cirurgia-maxilofacial\/\"},\"author\":{\"name\":\"weadmin\",\"@id\":\"https:\/\/galileu.org\/blog\/#\/schema\/person\/c2df339141b6fa6949c05cf1c5a2ec8a\"},\"headline\":\"A Incr\u00edvel Jornada de Ren\u00e9 Le Fort: O Pioneiro da Cirurgia Maxilofacial\",\"datePublished\":\"2024-10-06T18:56:04+00:00\",\"dateModified\":\"2024-12-21T20:37:23+00:00\",\"mainEntityOfPage\":{\"@id\":\"https:\/\/galileu.org\/blog\/rene-le-fort-pioneiro-cirurgia-maxilofacial\/\"},\"wordCount\":1284,\"publisher\":{\"@id\":\"https:\/\/galileu.org\/blog\/#organization\"},\"image\":{\"@id\":\"https:\/\/galileu.org\/blog\/rene-le-fort-pioneiro-cirurgia-maxilofacial\/#primaryimage\"},\"thumbnailUrl\":\"https:\/\/galileu.org\/blog\/wp-content\/uploads\/2024\/10\/CAPA-1.jpg\",\"articleSection\":[\"Blog\"],\"inLanguage\":\"pt-BR\"},{\"@type\":\"WebPage\",\"@id\":\"https:\/\/galileu.org\/blog\/rene-le-fort-pioneiro-cirurgia-maxilofacial\/\",\"url\":\"https:\/\/galileu.org\/blog\/rene-le-fort-pioneiro-cirurgia-maxilofacial\/\",\"name\":\"A Incr\u00edvel Jornada de Ren\u00e9 Le Fort: O Pioneiro da Cirurgia Maxilofacial - Blog Galileu\",\"isPartOf\":{\"@id\":\"https:\/\/galileu.org\/blog\/#website\"},\"primaryImageOfPage\":{\"@id\":\"https:\/\/galileu.org\/blog\/rene-le-fort-pioneiro-cirurgia-maxilofacial\/#primaryimage\"},\"image\":{\"@id\":\"https:\/\/galileu.org\/blog\/rene-le-fort-pioneiro-cirurgia-maxilofacial\/#primaryimage\"},\"thumbnailUrl\":\"https:\/\/galileu.org\/blog\/wp-content\/uploads\/2024\/10\/CAPA-1.jpg\",\"datePublished\":\"2024-10-06T18:56:04+00:00\",\"dateModified\":\"2024-12-21T20:37:23+00:00\",\"description\":\"Conhe\u00e7a a trajet\u00f3ria de Ren\u00e9 Le Fort, pioneiro da cirurgia maxilofacial, e suas contribui\u00e7\u00f5es ao estudo das fraturas faciais.\",\"breadcrumb\":{\"@id\":\"https:\/\/galileu.org\/blog\/rene-le-fort-pioneiro-cirurgia-maxilofacial\/#breadcrumb\"},\"inLanguage\":\"pt-BR\",\"potentialAction\":[{\"@type\":\"ReadAction\",\"target\":[\"https:\/\/galileu.org\/blog\/rene-le-fort-pioneiro-cirurgia-maxilofacial\/\"]}]},{\"@type\":\"ImageObject\",\"inLanguage\":\"pt-BR\",\"@id\":\"https:\/\/galileu.org\/blog\/rene-le-fort-pioneiro-cirurgia-maxilofacial\/#primaryimage\",\"url\":\"https:\/\/galileu.org\/blog\/wp-content\/uploads\/2024\/10\/CAPA-1.jpg\",\"contentUrl\":\"https:\/\/galileu.org\/blog\/wp-content\/uploads\/2024\/10\/CAPA-1.jpg\",\"width\":1920,\"height\":1080},{\"@type\":\"BreadcrumbList\",\"@id\":\"https:\/\/galileu.org\/blog\/rene-le-fort-pioneiro-cirurgia-maxilofacial\/#breadcrumb\",\"itemListElement\":[{\"@type\":\"ListItem\",\"position\":1,\"name\":\"In\u00edcio\",\"item\":\"https:\/\/galileu.org\/blog\/\"},{\"@type\":\"ListItem\",\"position\":2,\"name\":\"A Incr\u00edvel Jornada de Ren\u00e9 Le Fort: O Pioneiro da Cirurgia Maxilofacial\"}]},{\"@type\":\"WebSite\",\"@id\":\"https:\/\/galileu.org\/blog\/#website\",\"url\":\"https:\/\/galileu.org\/blog\/\",\"name\":\"Galileu Health Blog\",\"description\":\"\",\"publisher\":{\"@id\":\"https:\/\/galileu.org\/blog\/#organization\"},\"potentialAction\":[{\"@type\":\"SearchAction\",\"target\":{\"@type\":\"EntryPoint\",\"urlTemplate\":\"https:\/\/galileu.org\/blog\/?s={search_term_string}\"},\"query-input\":{\"@type\":\"PropertyValueSpecification\",\"valueRequired\":true,\"valueName\":\"search_term_string\"}}],\"inLanguage\":\"pt-BR\"},{\"@type\":\"Organization\",\"@id\":\"https:\/\/galileu.org\/blog\/#organization\",\"name\":\"Galileu Health\",\"url\":\"https:\/\/galileu.org\/blog\/\",\"logo\":{\"@type\":\"ImageObject\",\"inLanguage\":\"pt-BR\",\"@id\":\"https:\/\/galileu.org\/blog\/#\/schema\/logo\/image\/\",\"url\":\"https:\/\/galileu.org\/blog\/wp-content\/uploads\/2024\/05\/galileu-health-logo.png\",\"contentUrl\":\"https:\/\/galileu.org\/blog\/wp-content\/uploads\/2024\/05\/galileu-health-logo.png\",\"width\":822,\"height\":297,\"caption\":\"Galileu Health\"},\"image\":{\"@id\":\"https:\/\/galileu.org\/blog\/#\/schema\/logo\/image\/\"}},{\"@type\":\"Person\",\"@id\":\"https:\/\/galileu.org\/blog\/#\/schema\/person\/c2df339141b6fa6949c05cf1c5a2ec8a\",\"name\":\"weadmin\",\"image\":{\"@type\":\"ImageObject\",\"inLanguage\":\"pt-BR\",\"@id\":\"https:\/\/galileu.org\/blog\/#\/schema\/person\/image\/\",\"url\":\"https:\/\/secure.gravatar.com\/avatar\/21bc112be5f28d1f04030a819f92b10c?s=96&d=mm&r=g\",\"contentUrl\":\"https:\/\/secure.gravatar.com\/avatar\/21bc112be5f28d1f04030a819f92b10c?s=96&d=mm&r=g\",\"caption\":\"weadmin\"},\"sameAs\":[\"https:\/\/galileu.org\/blog\"],\"url\":\"https:\/\/galileu.org\/blog\/author\/weadmin\/\"}]}<\/script>\n<!-- \/ Yoast SEO plugin. -->","yoast_head_json":{"title":"A Incr\u00edvel Jornada de Ren\u00e9 Le Fort: O Pioneiro da Cirurgia Maxilofacial - Blog Galileu","description":"Conhe\u00e7a a trajet\u00f3ria de Ren\u00e9 Le Fort, pioneiro da cirurgia maxilofacial, e suas contribui\u00e7\u00f5es ao estudo das fraturas faciais.","robots":{"index":"index","follow":"follow","max-snippet":"max-snippet:-1","max-image-preview":"max-image-preview:large","max-video-preview":"max-video-preview:-1"},"canonical":"https:\/\/galileu.org\/blog\/rene-le-fort-pioneiro-cirurgia-maxilofacial\/","og_locale":"pt_BR","og_type":"article","og_title":"A Incr\u00edvel Jornada de Ren\u00e9 Le Fort: O Pioneiro da Cirurgia Maxilofacial - Blog Galileu","og_description":"Conhe\u00e7a a trajet\u00f3ria de Ren\u00e9 Le Fort, pioneiro da cirurgia maxilofacial, e suas contribui\u00e7\u00f5es ao estudo das fraturas faciais.","og_url":"https:\/\/galileu.org\/blog\/rene-le-fort-pioneiro-cirurgia-maxilofacial\/","og_site_name":"Blog Galileu","article_published_time":"2024-10-06T18:56:04+00:00","article_modified_time":"2024-12-21T20:37:23+00:00","og_image":[{"width":1920,"height":1080,"url":"https:\/\/galileu.org\/blog\/wp-content\/uploads\/2024\/10\/CAPA-1.jpg","type":"image\/jpeg"}],"author":"weadmin","twitter_card":"summary_large_image","twitter_misc":{"Escrito por":"weadmin","Est. tempo de leitura":"7 minutos"},"schema":{"@context":"https:\/\/schema.org","@graph":[{"@type":"Article","@id":"https:\/\/galileu.org\/blog\/rene-le-fort-pioneiro-cirurgia-maxilofacial\/#article","isPartOf":{"@id":"https:\/\/galileu.org\/blog\/rene-le-fort-pioneiro-cirurgia-maxilofacial\/"},"author":{"name":"weadmin","@id":"https:\/\/galileu.org\/blog\/#\/schema\/person\/c2df339141b6fa6949c05cf1c5a2ec8a"},"headline":"A Incr\u00edvel Jornada de Ren\u00e9 Le Fort: O Pioneiro da Cirurgia Maxilofacial","datePublished":"2024-10-06T18:56:04+00:00","dateModified":"2024-12-21T20:37:23+00:00","mainEntityOfPage":{"@id":"https:\/\/galileu.org\/blog\/rene-le-fort-pioneiro-cirurgia-maxilofacial\/"},"wordCount":1284,"publisher":{"@id":"https:\/\/galileu.org\/blog\/#organization"},"image":{"@id":"https:\/\/galileu.org\/blog\/rene-le-fort-pioneiro-cirurgia-maxilofacial\/#primaryimage"},"thumbnailUrl":"https:\/\/galileu.org\/blog\/wp-content\/uploads\/2024\/10\/CAPA-1.jpg","articleSection":["Blog"],"inLanguage":"pt-BR"},{"@type":"WebPage","@id":"https:\/\/galileu.org\/blog\/rene-le-fort-pioneiro-cirurgia-maxilofacial\/","url":"https:\/\/galileu.org\/blog\/rene-le-fort-pioneiro-cirurgia-maxilofacial\/","name":"A Incr\u00edvel Jornada de Ren\u00e9 Le Fort: O Pioneiro da Cirurgia Maxilofacial - Blog Galileu","isPartOf":{"@id":"https:\/\/galileu.org\/blog\/#website"},"primaryImageOfPage":{"@id":"https:\/\/galileu.org\/blog\/rene-le-fort-pioneiro-cirurgia-maxilofacial\/#primaryimage"},"image":{"@id":"https:\/\/galileu.org\/blog\/rene-le-fort-pioneiro-cirurgia-maxilofacial\/#primaryimage"},"thumbnailUrl":"https:\/\/galileu.org\/blog\/wp-content\/uploads\/2024\/10\/CAPA-1.jpg","datePublished":"2024-10-06T18:56:04+00:00","dateModified":"2024-12-21T20:37:23+00:00","description":"Conhe\u00e7a a trajet\u00f3ria de Ren\u00e9 Le Fort, pioneiro da cirurgia maxilofacial, e suas contribui\u00e7\u00f5es ao estudo das fraturas faciais.","breadcrumb":{"@id":"https:\/\/galileu.org\/blog\/rene-le-fort-pioneiro-cirurgia-maxilofacial\/#breadcrumb"},"inLanguage":"pt-BR","potentialAction":[{"@type":"ReadAction","target":["https:\/\/galileu.org\/blog\/rene-le-fort-pioneiro-cirurgia-maxilofacial\/"]}]},{"@type":"ImageObject","inLanguage":"pt-BR","@id":"https:\/\/galileu.org\/blog\/rene-le-fort-pioneiro-cirurgia-maxilofacial\/#primaryimage","url":"https:\/\/galileu.org\/blog\/wp-content\/uploads\/2024\/10\/CAPA-1.jpg","contentUrl":"https:\/\/galileu.org\/blog\/wp-content\/uploads\/2024\/10\/CAPA-1.jpg","width":1920,"height":1080},{"@type":"BreadcrumbList","@id":"https:\/\/galileu.org\/blog\/rene-le-fort-pioneiro-cirurgia-maxilofacial\/#breadcrumb","itemListElement":[{"@type":"ListItem","position":1,"name":"In\u00edcio","item":"https:\/\/galileu.org\/blog\/"},{"@type":"ListItem","position":2,"name":"A Incr\u00edvel Jornada de Ren\u00e9 Le Fort: O Pioneiro da Cirurgia Maxilofacial"}]},{"@type":"WebSite","@id":"https:\/\/galileu.org\/blog\/#website","url":"https:\/\/galileu.org\/blog\/","name":"Galileu Health Blog","description":"","publisher":{"@id":"https:\/\/galileu.org\/blog\/#organization"},"potentialAction":[{"@type":"SearchAction","target":{"@type":"EntryPoint","urlTemplate":"https:\/\/galileu.org\/blog\/?s={search_term_string}"},"query-input":{"@type":"PropertyValueSpecification","valueRequired":true,"valueName":"search_term_string"}}],"inLanguage":"pt-BR"},{"@type":"Organization","@id":"https:\/\/galileu.org\/blog\/#organization","name":"Galileu Health","url":"https:\/\/galileu.org\/blog\/","logo":{"@type":"ImageObject","inLanguage":"pt-BR","@id":"https:\/\/galileu.org\/blog\/#\/schema\/logo\/image\/","url":"https:\/\/galileu.org\/blog\/wp-content\/uploads\/2024\/05\/galileu-health-logo.png","contentUrl":"https:\/\/galileu.org\/blog\/wp-content\/uploads\/2024\/05\/galileu-health-logo.png","width":822,"height":297,"caption":"Galileu Health"},"image":{"@id":"https:\/\/galileu.org\/blog\/#\/schema\/logo\/image\/"}},{"@type":"Person","@id":"https:\/\/galileu.org\/blog\/#\/schema\/person\/c2df339141b6fa6949c05cf1c5a2ec8a","name":"weadmin","image":{"@type":"ImageObject","inLanguage":"pt-BR","@id":"https:\/\/galileu.org\/blog\/#\/schema\/person\/image\/","url":"https:\/\/secure.gravatar.com\/avatar\/21bc112be5f28d1f04030a819f92b10c?s=96&d=mm&r=g","contentUrl":"https:\/\/secure.gravatar.com\/avatar\/21bc112be5f28d1f04030a819f92b10c?s=96&d=mm&r=g","caption":"weadmin"},"sameAs":["https:\/\/galileu.org\/blog"],"url":"https:\/\/galileu.org\/blog\/author\/weadmin\/"}]}},"_links":{"self":[{"href":"https:\/\/galileu.org\/blog\/wp-json\/wp\/v2\/posts\/500","targetHints":{"allow":["GET"]}}],"collection":[{"href":"https:\/\/galileu.org\/blog\/wp-json\/wp\/v2\/posts"}],"about":[{"href":"https:\/\/galileu.org\/blog\/wp-json\/wp\/v2\/types\/post"}],"author":[{"embeddable":true,"href":"https:\/\/galileu.org\/blog\/wp-json\/wp\/v2\/users\/1"}],"replies":[{"embeddable":true,"href":"https:\/\/galileu.org\/blog\/wp-json\/wp\/v2\/comments?post=500"}],"version-history":[{"count":16,"href":"https:\/\/galileu.org\/blog\/wp-json\/wp\/v2\/posts\/500\/revisions"}],"predecessor-version":[{"id":638,"href":"https:\/\/galileu.org\/blog\/wp-json\/wp\/v2\/posts\/500\/revisions\/638"}],"wp:featuredmedia":[{"embeddable":true,"href":"https:\/\/galileu.org\/blog\/wp-json\/wp\/v2\/media\/502"}],"wp:attachment":[{"href":"https:\/\/galileu.org\/blog\/wp-json\/wp\/v2\/media?parent=500"}],"wp:term":[{"taxonomy":"category","embeddable":true,"href":"https:\/\/galileu.org\/blog\/wp-json\/wp\/v2\/categories?post=500"},{"taxonomy":"post_tag","embeddable":true,"href":"https:\/\/galileu.org\/blog\/wp-json\/wp\/v2\/tags?post=500"}],"curies":[{"name":"wp","href":"https:\/\/api.w.org\/{rel}","templated":true}]}}